{"id":261217,"date":"2024-12-22T11:10:55","date_gmt":"2024-12-22T15:10:55","guid":{"rendered":"https:\/\/elluchador.info\/?p=261217"},"modified":"2024-12-22T11:10:59","modified_gmt":"2024-12-22T15:10:59","slug":"cuando-se-vera-la-estrella-de-belen-en-2024-y-por-que-no-volvera-a-aparecer-hasta-2080","status":"publish","type":"post","link":"https:\/\/elluchador.info\/?p=261217","title":{"rendered":"\u00bfCu\u00e1ndo se ver\u00e1 la estrella de Bel\u00e9n en 2024 y por qu\u00e9 no volver\u00e1 a aparecer hasta 2080?"},"content":{"rendered":"\n<p>La&nbsp;<strong>estrella de Bel\u00e9n<\/strong>, citada en el Evangelio de Mateo, se presenta como un resplandeciente&nbsp;<strong>fen\u00f3meno celestial que gui\u00f3 a los Reyes Magos hasta el lugar del nacimiento de Jes\u00fas.<\/strong>&nbsp;Este misterioso relato ha despertado la curiosidad y el debate durante siglos, llevando a te\u00f3logos y astr\u00f3nomos a cuestionarse e investigar su naturaleza:&nbsp;<strong>\u00bffue un cometa, una supernova, una excepcional conjunci\u00f3n de planetas o simplemente un recurso simb\u00f3lico sin fundamento astron\u00f3mico?<\/strong><\/p>\n\n\n\n<p><strong>Una de las hip\u00f3tesis<\/strong>&nbsp;m\u00e1s extendidas es que la estrella de Bel\u00e9n&nbsp;<strong>pudo ser en realidad el resultado de una conjunci\u00f3n de planetas e coincidi\u00f3 con el nacimiento de Jes\u00fas<\/strong>. Es decir, un fen\u00f3meno en el que dos o m\u00e1s planetas se alinean en el cielo, creando una brillante y \u00fanica estrella.<\/p>\n\n\n\n<p><strong>Un fen\u00f3meno similar al descrito como la estrella de Bel\u00e9n fue visible por \u00faltima vez en diciembre de 2020. En esa ocasi\u00f3n,&nbsp;J\u00fapiter y protagonizaron una \u00abgran conjunci\u00f3n\u00bb,&nbsp;un evento en el que ambos planetas se alinearon tan estrechamente en el cielo que parece&nbsp;\u00fanico punto luminoso, captando la atenci\u00f3n de millones de personas y acaparando titulares en medios de comunicaci\u00f3n de todo el mundo.<\/strong><\/p>\n\n\n\n<p>Este evento astron\u00f3mico, bautizado en los medios como la &#8216;estrella de Bel\u00e9n&#8217; por su espectacularidad, fu<strong>e destacado como un acontecimiento&nbsp;<\/strong><strong>\u00ab\u00fanico\u00bb en los \u00faltimos 800 a\u00f1os.&nbsp;<\/strong>Tal como explic\u00f3 Patrick Hartigan, astr\u00f3nomo de la Universidad Rice (Houston, Texas), a la revista Forbes<strong>&nbsp;\u00ab<\/strong><strong>tendr\u00eda&nbsp;que&nbsp;<\/strong><strong>retroceder hasta justo antes del amanecer del 4 de marzo de 1226<\/strong>&nbsp;para encontrar una alineaci\u00f3n m\u00e1s cercana entre estos&nbsp;en el cielo nocturno\u00bb.<\/p>\n\n\n\n<p><strong>La conjunci\u00f3n alcanz\u00f3 su punto \u00e1lgido la noche del 21 de diciembre de 2020,<\/strong>&nbsp;cuando ambos planetas estuvieron separados por menos del di\u00e1metro&nbsp;<\/p>\n\n\n\n<p>aparente de una Luna llena. Aunque&nbsp;<strong>las conjunciones entre J\u00fapiter y Saturno se producen aproximadamente cada 20 a\u00f1os<\/strong>, la resonancia orbital de estos&nbsp;gigantes del sistema solar rara vez da lugar a una alineaci\u00f3n tan estrecha y visible desde la Tierra. Seg\u00fan Forbes, este tipo de \u00abgran conjunci\u00f3n orbital&nbsp;cercana no volver\u00e1 a repetirse hasta el 15 de marzo de 2080.<\/p>\n\n\n\n<p>A lo largo de los a\u00f1os, la estrella de Bel\u00e9n ha sido objeto de m\u00faltiples interpretaciones cient\u00edficas y teol\u00f3gicas. Algunos investigadores<strong>&nbsp;han planteado&nbsp;<\/strong><\/p>\n\n\n\n<p><strong>que podr\u00eda haber sido un cometa, como el cometa Halley, que apareci\u00f3 en el a\u00f1o 12 a.C.&nbsp;Sin embargo, esta teor\u00eda es cuestionada por el experto y&nbsp;<\/strong><\/p>\n\n\n\n<p>astr\u00f3nomo de la Universidad St. Andrews Aleks Scholz, quien ha se\u00f1alado en alguna ocasi\u00f3n que los cometas sol\u00edan interpretarse como presagios&nbsp;&nbsp;negativos, mientras que&nbsp;<strong>la estrella de Bel\u00e9n simbolizaba un evento positivo y trascendental.<\/strong><\/p>\n\n\n\n<p><strong>Otra posibilidad es que se tratara de una supernova, una explosi\u00f3n estelar&nbsp;que produce un brillo excepcional. Aunque esta idea fue propuesta&nbsp;inicialmente por el astr\u00f3nomo Johannes Kepler,&nbsp;no se han encontrado registros hist\u00f3ricos que confirmen una supernova en el per\u00edodo en el que se ubica el nacimiento de Jes\u00fas.<\/strong><\/p>\n\n\n\n<p>L<strong>a teor\u00eda m\u00e1s aceptada por la comunidad cient\u00edfica<\/strong>&nbsp;es que<strong>&nbsp;la estrella de Bel\u00e9n fuera una serie de conjunciones planetarias excepcionales que&nbsp;<\/strong><strong>ocurrieron entre el a\u00f1o 7 y el 2 a.C.,<\/strong>&nbsp;incluyendo encuentros entre J\u00fapiter, Saturno, Venus y otros planetas.&nbsp;<strong>Estas alineaciones podr\u00edan haber sido&nbsp;&nbsp;<\/strong><strong>interpretadas como eventos celestiales&nbsp;<\/strong>significativos en aquel tiempo, cuando la astronom\u00eda y la astrolog\u00eda estaban profundamente conectadas.<\/p>\n\n\n\n<p><strong>\u00bfCuando se&nbsp;<\/strong><strong>podr\u00e1<\/strong><strong>&nbsp;ver?<\/strong><\/p>\n\n\n\n<p>Los astr\u00f3nomos estiman que una conjunci\u00f3n tan cercana entre J\u00fapiter y Saturno no volver\u00e1 a ocurrir hasta el a\u00f1o 2080.<strong>&nbsp;Ser\u00e1&nbsp;<\/strong><strong>ese a\u00f1o cuando ambos planetas se alineen de forma que recuerde al fen\u00f3meno observado en 2020.<\/strong><\/p>\n\n\n\n<p>Sin embargo,<strong>&nbsp;esta misma semana, quienes residan en Estados Unidos tendr\u00e1n la oportunidad de disfrutar de un espect\u00e1culo<\/strong>&nbsp;tipo \u00abestrella de Bel\u00e9n\u00bb.&nbsp;Seg\u00fan recoge un reciente art\u00edculo de la revista Forbes,<strong>&nbsp;\u00abVenus brillar\u00e1 intensamente en el cielo occidental tras el atardecer, mientras que&nbsp;<\/strong><strong>J\u00fapiter y Marte alcanzar\u00e1n su m\u00e1xima luminosidad en el horizonte nocturno\u00bb.<\/strong><\/p>\n\n\n\n<p><strong><em>Con informaci\u00f3n de Notitarde.<\/em><\/strong><\/p>\n","protected":false},"excerpt":{"rendered":"<p>La&nbsp;estrella de Bel\u00e9n, citada en el Evangelio de Mateo, se presenta como un resplandeciente&nbsp;fen\u00f3meno celestial que gui\u00f3 a los Reyes Magos hasta el lugar del nacimiento de Jes\u00fas.&nbsp;Este misterioso relato ha despertado la curiosidad y el debate durante siglos, llevando a te\u00f3logos y astr\u00f3nomos a cuestionarse e investigar su naturaleza:&nbsp;\u00bffue un cometa, una supernova, una [&hellip;]<\/p>\n","protected":false},"author":2,"featured_media":261218,"comment_status":"closed","ping_status":"closed","sticky":false,"template":"","format":"standard","meta":{"footnotes":""},"categories":[3],"tags":[],"class_list":{"0":"post-261217","1":"post","2":"type-post","3":"status-publish","4":"format-standard","5":"has-post-thumbnail","7":"category-curiosidades"},"_links":{"self":[{"href":"https:\/\/elluchador.info\/index.php?rest_route=\/wp\/v2\/posts\/261217","targetHints":{"allow":["GET"]}}],"collection":[{"href":"https:\/\/elluchador.info\/index.php?rest_route=\/wp\/v2\/posts"}],"about":[{"href":"https:\/\/elluchador.info\/index.php?rest_route=\/wp\/v2\/types\/post"}],"author":[{"embeddable":true,"href":"https:\/\/elluchador.info\/index.php?rest_route=\/wp\/v2\/users\/2"}],"replies":[{"embeddable":true,"href":"https:\/\/elluchador.info\/index.php?rest_route=%2Fwp%2Fv2%2Fcomments&post=261217"}],"version-history":[{"count":1,"href":"https:\/\/elluchador.info\/index.php?rest_route=\/wp\/v2\/posts\/261217\/revisions"}],"predecessor-version":[{"id":261219,"href":"https:\/\/elluchador.info\/index.php?rest_route=\/wp\/v2\/posts\/261217\/revisions\/261219"}],"wp:featuredmedia":[{"embeddable":true,"href":"https:\/\/elluchador.info\/index.php?rest_route=\/wp\/v2\/media\/261218"}],"wp:attachment":[{"href":"https:\/\/elluchador.info\/index.php?rest_route=%2Fwp%2Fv2%2Fmedia&parent=261217"}],"wp:term":[{"taxonomy":"category","embeddable":true,"href":"https:\/\/elluchador.info\/index.php?rest_route=%2Fwp%2Fv2%2Fcategories&post=261217"},{"taxonomy":"post_tag","embeddable":true,"href":"https:\/\/elluchador.info\/index.php?rest_route=%2Fwp%2Fv2%2Ftags&post=261217"}],"curies":[{"name":"wp","href":"https:\/\/api.w.org\/{rel}","templated":true}]}}