{"id":261238,"date":"2024-12-22T11:39:55","date_gmt":"2024-12-22T15:39:55","guid":{"rendered":"https:\/\/elluchador.info\/?p=261238"},"modified":"2024-12-22T11:39:59","modified_gmt":"2024-12-22T15:39:59","slug":"tachira-se-prepara-para-recibir-a-turistas-por-la-feria-internacional-de-san-sebastian","status":"publish","type":"post","link":"https:\/\/elluchador.info\/?p=261238","title":{"rendered":"T\u00e1chira se prepara para recibir a turistas por la Feria Internacional de San Sebasti\u00e1n"},"content":{"rendered":"\n<p>El estado T\u00e1chira comienza los preparativos para la&nbsp;<strong>Feria Internacional de San Sebasti\u00e1n<\/strong>, la cual se desarrollar\u00e1 en el pr\u00f3ximo mes enero y albergar\u00e1 a un gran n\u00famero de turistas provenientes de los pa\u00edses cercanos, los cuales asisten cada a\u00f1o a disfrutar de esta tradici\u00f3n, que en el a\u00f1o 2025 cumplir\u00e1 60 a\u00f1os. &nbsp;<\/p>\n\n\n\n<p>El gobernador de la entidad, Freddy Bernal, expres\u00f3 \u201cSomos la feria m\u00e1s antigua y m\u00e1s concurrida de Venezuela, tanto por nacionales como por extranjeros. La preparaci\u00f3n de la Fitven y la Navidad fue el pre\u00e1mbulo y el calentamiento para lo que va a ser la Feria de San Sebasti\u00e1n y tenemos un cronograma bien amplio\u201d.<\/p>\n\n\n\n<p>&nbsp;\u201cTenemos de todo, aproximadamente 150 eventos. Quiero declarar que la Feria va a comenzar el 6 de enero porque arranca con el evento de los Reyes Magos en Capacho, que aunque es un evento de la Navidad engancha con la Feria\u201d, indic\u00f3 Bernal.<\/p>\n\n\n\n<p>Cabe destacar, que el estado T\u00e1chira es la \u00fanica entidad en Venezuela, que celebra dos meses continuos, donde las festividades navide\u00f1as se entrelazan con las ferias en honor a San Sebasti\u00e1n, patrono de la entidad. Esta ser\u00e1 la edici\u00f3n n\u00famero 60 de la Feria Internacional de San Sebasti\u00e1n, que naci\u00f3 con la finalidad de dar impulso a nivel comercial de la regi\u00f3n y que contin\u00faa siendo una de las temporadas m\u00e1s importantes para peque\u00f1as empresas y emprendimientos.<\/p>\n\n\n\n<p><strong><em>Con informaci\u00f3n de VTV<\/em><\/strong><a href=\"https:\/\/www.vtv.gob.ve\/tachira-prepara-turistas-feria-internacional-san-sebastian\/\"><\/a><\/p>\n","protected":false},"excerpt":{"rendered":"<p>El estado T\u00e1chira comienza los preparativos para la&nbsp;Feria Internacional de San Sebasti\u00e1n, la cual se desarrollar\u00e1 en el pr\u00f3ximo mes enero y albergar\u00e1 a un gran n\u00famero de turistas provenientes de los pa\u00edses cercanos, los cuales asisten cada a\u00f1o a disfrutar de esta tradici\u00f3n, que en el a\u00f1o 2025 cumplir\u00e1 60 a\u00f1os. &nbsp; El gobernador [&hellip;]<\/p>\n","protected":false},"author":2,"featured_media":261239,"comment_status":"closed","ping_status":"closed","sticky":false,"template":"","format":"standard","meta":{"footnotes":""},"categories":[6],"tags":[],"class_list":{"0":"post-261238","1":"post","2":"type-post","3":"status-publish","4":"format-standard","5":"has-post-thumbnail","7":"category-economia"},"_links":{"self":[{"href":"https:\/\/elluchador.info\/index.php?rest_route=\/wp\/v2\/posts\/261238","targetHints":{"allow":["GET"]}}],"collection":[{"href":"https:\/\/elluchador.info\/index.php?rest_route=\/wp\/v2\/posts"}],"about":[{"href":"https:\/\/elluchador.info\/index.php?rest_route=\/wp\/v2\/types\/post"}],"author":[{"embeddable":true,"href":"https:\/\/elluchador.info\/index.php?rest_route=\/wp\/v2\/users\/2"}],"replies":[{"embeddable":true,"href":"https:\/\/elluchador.info\/index.php?rest_route=%2Fwp%2Fv2%2Fcomments&post=261238"}],"version-history":[{"count":1,"href":"https:\/\/elluchador.info\/index.php?rest_route=\/wp\/v2\/posts\/261238\/revisions"}],"predecessor-version":[{"id":261240,"href":"https:\/\/elluchador.info\/index.php?rest_route=\/wp\/v2\/posts\/261238\/revisions\/261240"}],"wp:featuredmedia":[{"embeddable":true,"href":"https:\/\/elluchador.info\/index.php?rest_route=\/wp\/v2\/media\/261239"}],"wp:attachment":[{"href":"https:\/\/elluchador.info\/index.php?rest_route=%2Fwp%2Fv2%2Fmedia&parent=261238"}],"wp:term":[{"taxonomy":"category","embeddable":true,"href":"https:\/\/elluchador.info\/index.php?rest_route=%2Fwp%2Fv2%2Fcategories&post=261238"},{"taxonomy":"post_tag","embeddable":true,"href":"https:\/\/elluchador.info\/index.php?rest_route=%2Fwp%2Fv2%2Ftags&post=261238"}],"curies":[{"name":"wp","href":"https:\/\/api.w.org\/{rel}","templated":true}]}}