{"id":261241,"date":"2024-12-22T12:04:19","date_gmt":"2024-12-22T16:04:19","guid":{"rendered":"https:\/\/elluchador.info\/?p=261241"},"modified":"2024-12-22T12:04:23","modified_gmt":"2024-12-22T16:04:23","slug":"papa-francisco-llama-a-la-paz-y-pide-un-alto-al-fuego-en-navidad","status":"publish","type":"post","link":"https:\/\/elluchador.info\/?p=261241","title":{"rendered":"Papa Francisco llama a la paz y pide un alto al fuego en Navidad"},"content":{"rendered":"\n<p>El<strong>&nbsp;papa Francisco<\/strong>&nbsp;lament\u00f3 este domingo la \u00abcrueldad\u00bb perpetrada en la Franja de Gaza, tras el rezo del \u00c1ngelus dominical, para despu\u00e9s invocar un alto el fuego navide\u00f1o en todo el mundo.<\/p>\n\n\n\n<p>\u00abCon dolor pienso en Gaza, a tanta crueldad, a los ni\u00f1os ametrallados, a los bombardeos de escuelas y hospitales. \u00a1Cu\u00e1nta crueldad!\u00bb, denunci\u00f3 desde su residencia privada y no desde la ventana del Palacio Apost\u00f3lico a causa de un resfriado.<\/p>\n\n\n\n<p>Ayer mismo Francisco denunci\u00f3 que las autoridades israel\u00edes hab\u00edan negado el acceso a Gaza del Patriarca de Jerusal\u00e9n de los Latinos, el cardenal Pierbattista Pizzaballa.<\/p>\n\n\n\n<p>Por otro lado, tras el \u00c1ngelus, Francisco tambi\u00e9n abog\u00f3 porque \u00aben Navidad pueda llegar un alto el fuego en todos los frentes de guerra\u00bb, desde la Tierra Santa y \u00abtodo\u00bb Oriente Medio o Ucrania.<\/p>\n\n\n\n<p>Tambi\u00e9n record\u00f3 este pa\u00eds, que afronta un nuevo invierno invadido por Rusia: \u00abLa martirizada Ucrania sigue siendo golpeada por ataques a las ciudades que a veces da\u00f1an escuelas, hospitales e iglesias. Que callen las armas y resuenen los cantos navide\u00f1os\u00bb, inst\u00f3.<\/p>\n\n\n\n<p>Asimismo Francisco asegur\u00f3 que sigue con atenci\u00f3n la situaci\u00f3n en Mozambique, sumido en una serie de protestas tras los resultados de las elecciones del pasado 9 de octubre.<\/p>\n\n\n\n<p>\u00abQuiero renovar a ese amado pueblo un mensaje de esperanza, paz y reconciliaci\u00f3n. Rezo para que el di\u00e1logo y la b\u00fasqueda del bien com\u00fan, apoyado por la fe y la buena voluntad, prevalga sobre la desconfianza y la discordia\u00bb<\/p>\n\n\n\n<p><strong><em>Con informaci\u00f3n de El Impulso.<\/em><\/strong><\/p>\n","protected":false},"excerpt":{"rendered":"<p>El&nbsp;papa Francisco&nbsp;lament\u00f3 este domingo la \u00abcrueldad\u00bb perpetrada en la Franja de Gaza, tras el rezo del \u00c1ngelus dominical, para despu\u00e9s invocar un alto el fuego navide\u00f1o en todo el mundo. \u00abCon dolor pienso en Gaza, a tanta crueldad, a los ni\u00f1os ametrallados, a los bombardeos de escuelas y hospitales. \u00a1Cu\u00e1nta crueldad!\u00bb, denunci\u00f3 desde su residencia [&hellip;]<\/p>\n","protected":false},"author":2,"featured_media":261242,"comment_status":"closed","ping_status":"closed","sticky":false,"template":"","format":"standard","meta":{"footnotes":""},"categories":[8],"tags":[],"class_list":{"0":"post-261241","1":"post","2":"type-post","3":"status-publish","4":"format-standard","5":"has-post-thumbnail","7":"category-internacionales"},"_links":{"self":[{"href":"https:\/\/elluchador.info\/index.php?rest_route=\/wp\/v2\/posts\/261241","targetHints":{"allow":["GET"]}}],"collection":[{"href":"https:\/\/elluchador.info\/index.php?rest_route=\/wp\/v2\/posts"}],"about":[{"href":"https:\/\/elluchador.info\/index.php?rest_route=\/wp\/v2\/types\/post"}],"author":[{"embeddable":true,"href":"https:\/\/elluchador.info\/index.php?rest_route=\/wp\/v2\/users\/2"}],"replies":[{"embeddable":true,"href":"https:\/\/elluchador.info\/index.php?rest_route=%2Fwp%2Fv2%2Fcomments&post=261241"}],"version-history":[{"count":1,"href":"https:\/\/elluchador.info\/index.php?rest_route=\/wp\/v2\/posts\/261241\/revisions"}],"predecessor-version":[{"id":261243,"href":"https:\/\/elluchador.info\/index.php?rest_route=\/wp\/v2\/posts\/261241\/revisions\/261243"}],"wp:featuredmedia":[{"embeddable":true,"href":"https:\/\/elluchador.info\/index.php?rest_route=\/wp\/v2\/media\/261242"}],"wp:attachment":[{"href":"https:\/\/elluchador.info\/index.php?rest_route=%2Fwp%2Fv2%2Fmedia&parent=261241"}],"wp:term":[{"taxonomy":"category","embeddable":true,"href":"https:\/\/elluchador.info\/index.php?rest_route=%2Fwp%2Fv2%2Fcategories&post=261241"},{"taxonomy":"post_tag","embeddable":true,"href":"https:\/\/elluchador.info\/index.php?rest_route=%2Fwp%2Fv2%2Ftags&post=261241"}],"curies":[{"name":"wp","href":"https:\/\/api.w.org\/{rel}","templated":true}]}}