{"id":261392,"date":"2024-12-23T18:55:14","date_gmt":"2024-12-23T22:55:14","guid":{"rendered":"https:\/\/elluchador.info\/?p=261392"},"modified":"2024-12-23T18:55:22","modified_gmt":"2024-12-23T22:55:22","slug":"el-cantante-raphael-pasara-hospitalizado-los-dias-de-navidad","status":"publish","type":"post","link":"https:\/\/elluchador.info\/?p=261392","title":{"rendered":"El cantante Raphael pasar\u00e1 hospitalizado los d\u00edas de Navidad"},"content":{"rendered":"\n<p>\u200eEl cantante Raphael seguir\u00e1 hospitalizado los d\u00edas 24 y el 25 de diciembre, las fechas m\u00e1s se\u00f1aladas de la Navidad, y a partir del jueves \u00abveremos si hay m\u00e1s pruebas\u00bb, explic\u00f3 este lunes su hijo, Jacobo Martos, que remarc\u00f3 que \u00abpasar aqu\u00ed estos d\u00edas no es ning\u00fan drama\u00bb.<br>\u200e<br>\u200eEn unas declaraciones a los periodistas concentrados a las puertas del hospital 12 de Octubre de Madrid, Martos asegur\u00f3 que tanto el int\u00e9rprete como su familia est\u00e1n \u00abmuy tranquilos\u00bb y que \u00ablo importante es que est\u00e9 bien y que se vaya a casa perfecto\u00bb, sin tener que \u00abvolver al d\u00eda siguiente\u00bb, dado su historial m\u00e9dico, que incluye un trasplante de h\u00edgado en 2003.<br>\u200e<br>\u200eSobre las pruebas a las que se somete a su padre, se excus\u00f3 diciendo no saber de medicina y dej\u00f3 en manos de los m\u00e9dicos las explicaciones cuando sea oportuno. \u00abUn d\u00eda es una resonancia, otro d\u00eda un no s\u00e9 qu\u00e9&#8230;\u00bb, dijo.<br>\u200e<br>\u200eRaphael se sinti\u00f3 indispuesto el pasado martes 18 de diciembre por un \u00abaparente episodio cerebrovascular\u00bb cuando estaba grabando el especial de Navidad del programa &#8216;La Revuelta&#8217; de Televisi\u00f3n Espa\u00f1ola, que la cadena p\u00fablica decidi\u00f3 cancelar \u00abpor respeto\u00bb al cantante.<br>\u200e<br>\u200eEl equipo m\u00e9dico descart\u00f3 un accidente cerebro vascular (ACV), pero contin\u00faa haci\u00e9ndole pruebas para conocer a qu\u00e9 se debi\u00f3 el episodio.<br>\u200e<br>\u200eCon informaci\u00f3n <strong><em><mark style=\"background-color:rgba(0, 0, 0, 0)\" class=\"has-inline-color has-vivid-purple-color\">Agencias<\/mark><\/em><\/strong><\/p>\n","protected":false},"excerpt":{"rendered":"<p>\u200eEl cantante Raphael seguir\u00e1 hospitalizado los d\u00edas 24 y el 25 de diciembre, las fechas m\u00e1s se\u00f1aladas de la Navidad, y a partir del jueves \u00abveremos si hay m\u00e1s pruebas\u00bb, explic\u00f3 este lunes su hijo, Jacobo Martos, que remarc\u00f3 que \u00abpasar aqu\u00ed estos d\u00edas no es ning\u00fan drama\u00bb.\u200e\u200eEn unas declaraciones a los periodistas concentrados a [&hellip;]<\/p>\n","protected":false},"author":33,"featured_media":261393,"comment_status":"closed","ping_status":"closed","sticky":false,"template":"","format":"standard","meta":{"footnotes":""},"categories":[7],"tags":[1615,2672],"class_list":{"0":"post-261392","1":"post","2":"type-post","3":"status-publish","4":"format-standard","5":"has-post-thumbnail","7":"category-entretenimiento","8":"tag-cantante","9":"tag-navidad"},"_links":{"self":[{"href":"https:\/\/elluchador.info\/index.php?rest_route=\/wp\/v2\/posts\/261392","targetHints":{"allow":["GET"]}}],"collection":[{"href":"https:\/\/elluchador.info\/index.php?rest_route=\/wp\/v2\/posts"}],"about":[{"href":"https:\/\/elluchador.info\/index.php?rest_route=\/wp\/v2\/types\/post"}],"author":[{"embeddable":true,"href":"https:\/\/elluchador.info\/index.php?rest_route=\/wp\/v2\/users\/33"}],"replies":[{"embeddable":true,"href":"https:\/\/elluchador.info\/index.php?rest_route=%2Fwp%2Fv2%2Fcomments&post=261392"}],"version-history":[{"count":1,"href":"https:\/\/elluchador.info\/index.php?rest_route=\/wp\/v2\/posts\/261392\/revisions"}],"predecessor-version":[{"id":261394,"href":"https:\/\/elluchador.info\/index.php?rest_route=\/wp\/v2\/posts\/261392\/revisions\/261394"}],"wp:featuredmedia":[{"embeddable":true,"href":"https:\/\/elluchador.info\/index.php?rest_route=\/wp\/v2\/media\/261393"}],"wp:attachment":[{"href":"https:\/\/elluchador.info\/index.php?rest_route=%2Fwp%2Fv2%2Fmedia&parent=261392"}],"wp:term":[{"taxonomy":"category","embeddable":true,"href":"https:\/\/elluchador.info\/index.php?rest_route=%2Fwp%2Fv2%2Fcategories&post=261392"},{"taxonomy":"post_tag","embeddable":true,"href":"https:\/\/elluchador.info\/index.php?rest_route=%2Fwp%2Fv2%2Ftags&post=261392"}],"curies":[{"name":"wp","href":"https:\/\/api.w.org\/{rel}","templated":true}]}}