{"id":261446,"date":"2024-12-24T10:29:36","date_gmt":"2024-12-24T14:29:36","guid":{"rendered":"https:\/\/elluchador.info\/?p=261446"},"modified":"2024-12-24T10:29:39","modified_gmt":"2024-12-24T14:29:39","slug":"foro-penal-contabiliza-19-presos-politicos-extranjeros-en-venezuela","status":"publish","type":"post","link":"https:\/\/elluchador.info\/?p=261446","title":{"rendered":"Foro Penal contabiliza 19 \u00abpresos pol\u00edticos\u00bb extranjeros en Venezuela"},"content":{"rendered":"\n<p>La ONG venezolana Foro Penal, que lidera la defensa de las personas que est\u00e1n detenidas por razones de conciencia, inform\u00f3 este lunes que de los 1.877 presos que computan por estos motivos 19 son extranjeros y 31 tienen doble nacionalidad.<\/p>\n\n\n\n<p>En una publicaci\u00f3n en Instagram, la organizaci\u00f3n indic\u00f3 que de los 19 extranjeros, cuatro son colombianos, tres ecuatorianos, dos espa\u00f1oles, y el resto son de Argentina, Guyana, M\u00e9xico, Per\u00fa, Ucrania, Uruguay y Estados Unidos.<\/p>\n\n\n\n<p>Asimismo, dijo que del total de detenidos con doble nacionalidad, 12 son espa\u00f1oles, nueve italianos, seis colombianos, tres portugueses y un chileno.<\/p>\n\n\n\n<p>Hasta el mi\u00e9rcoles, el Foro Penal computaba 1.877 \u00abpresos pol\u00edticos\u00bb, incluyendo seis adolescentes de entre 14 y 17 a\u00f1os de edad.<\/p>\n\n\n\n<p>Seg\u00fan cifras oficiales, alrededor de 2.400 personas fueron detenidas en el contexto de protestas poselectorales, donde adem\u00e1s se registraron 28 muertes, entre ellas, las de dos militares.<\/p>\n\n\n\n<p>Este lunes, el Ministerio P\u00fablico inform\u00f3 que luego de procesos de revisi\u00f3n con los tribunales penales fueron excarceladas 223 personas detenidas tras las presidenciales del 28 de julio, para un total de 956 liberaciones concedidas luego de la solicitud de revisi\u00f3n de estos casos a la Justicia.<\/p>\n\n\n\n<figure class=\"wp-block-image size-large\"><img loading=\"lazy\" decoding=\"async\" width=\"819\" height=\"1024\" src=\"https:\/\/elluchador.info\/wp-content\/uploads\/2024\/12\/foropenal_photo_1735049277755.webp-819x1024.jpg\" alt=\"\" class=\"wp-image-261448\" srcset=\"https:\/\/elluchador.info\/wp-content\/uploads\/2024\/12\/foropenal_photo_1735049277755.webp-819x1024.jpg 819w, https:\/\/elluchador.info\/wp-content\/uploads\/2024\/12\/foropenal_photo_1735049277755.webp-240x300.jpg 240w, https:\/\/elluchador.info\/wp-content\/uploads\/2024\/12\/foropenal_photo_1735049277755.webp-768x961.jpg 768w, https:\/\/elluchador.info\/wp-content\/uploads\/2024\/12\/foropenal_photo_1735049277755.webp-150x188.jpg 150w, https:\/\/elluchador.info\/wp-content\/uploads\/2024\/12\/foropenal_photo_1735049277755.webp-300x375.jpg 300w, https:\/\/elluchador.info\/wp-content\/uploads\/2024\/12\/foropenal_photo_1735049277755.webp-696x871.jpg 696w, https:\/\/elluchador.info\/wp-content\/uploads\/2024\/12\/foropenal_photo_1735049277755.webp.jpg 1021w\" sizes=\"auto, (max-width: 819px) 100vw, 819px\" \/><\/figure>\n\n\n\n<p>A trav\u00e9s de un comunicado, la Fiscal\u00eda asegur\u00f3 que los casos judiciales est\u00e1n vinculados a \u00ablos graves hechos que pretend\u00edan generar una guerra civil\u00bb tras las elecciones, cuando se desataron protestas en todo el pa\u00eds contra el resultado oficial que dio la reelecci\u00f3n a Nicol\u00e1s Maduro.<\/p>\n\n\n\n<p>El s\u00e1bado, la ONG venezolana Comit\u00e9 por la Libertad de los Presos Pol\u00edticos afirm\u00f3 que \u00abhay serias dudas con la cifra oficial\u00bb de liberados, ya que -agreg\u00f3- \u00abno es la primera vez que se miente\u00bb sobre esta cantidad.<\/p>\n\n\n\n<p>Adem\u00e1s, prosigui\u00f3, \u00abpersiste la pol\u00edtica de opacidad gubernamental al no ofrecerse informaci\u00f3n oportuna, pertinente, verificable de calidad y acceso libre desde las instituciones del Estado\u00bb.<\/p>\n\n\n\n<p>Con informaci\u00f3n de <strong>agencias.-<\/strong><\/p>\n","protected":false},"excerpt":{"rendered":"<p>La ONG venezolana Foro Penal, que lidera la defensa de las personas que est\u00e1n detenidas por razones de conciencia, inform\u00f3 este lunes que de los 1.877 presos que computan por estos motivos 19 son extranjeros y 31 tienen doble nacionalidad. En una publicaci\u00f3n en Instagram, la organizaci\u00f3n indic\u00f3 que de los 19 extranjeros, cuatro son [&hellip;]<\/p>\n","protected":false},"author":38,"featured_media":261447,"comment_status":"closed","ping_status":"closed","sticky":false,"template":"","format":"standard","meta":{"footnotes":""},"categories":[11],"tags":[105],"class_list":{"0":"post-261446","1":"post","2":"type-post","3":"status-publish","4":"format-standard","5":"has-post-thumbnail","7":"category-politica","8":"tag-venezuela"},"_links":{"self":[{"href":"https:\/\/elluchador.info\/index.php?rest_route=\/wp\/v2\/posts\/261446","targetHints":{"allow":["GET"]}}],"collection":[{"href":"https:\/\/elluchador.info\/index.php?rest_route=\/wp\/v2\/posts"}],"about":[{"href":"https:\/\/elluchador.info\/index.php?rest_route=\/wp\/v2\/types\/post"}],"author":[{"embeddable":true,"href":"https:\/\/elluchador.info\/index.php?rest_route=\/wp\/v2\/users\/38"}],"replies":[{"embeddable":true,"href":"https:\/\/elluchador.info\/index.php?rest_route=%2Fwp%2Fv2%2Fcomments&post=261446"}],"version-history":[{"count":1,"href":"https:\/\/elluchador.info\/index.php?rest_route=\/wp\/v2\/posts\/261446\/revisions"}],"predecessor-version":[{"id":261449,"href":"https:\/\/elluchador.info\/index.php?rest_route=\/wp\/v2\/posts\/261446\/revisions\/261449"}],"wp:featuredmedia":[{"embeddable":true,"href":"https:\/\/elluchador.info\/index.php?rest_route=\/wp\/v2\/media\/261447"}],"wp:attachment":[{"href":"https:\/\/elluchador.info\/index.php?rest_route=%2Fwp%2Fv2%2Fmedia&parent=261446"}],"wp:term":[{"taxonomy":"category","embeddable":true,"href":"https:\/\/elluchador.info\/index.php?rest_route=%2Fwp%2Fv2%2Fcategories&post=261446"},{"taxonomy":"post_tag","embeddable":true,"href":"https:\/\/elluchador.info\/index.php?rest_route=%2Fwp%2Fv2%2Ftags&post=261446"}],"curies":[{"name":"wp","href":"https:\/\/api.w.org\/{rel}","templated":true}]}}