{"id":261459,"date":"2024-12-24T11:00:00","date_gmt":"2024-12-24T15:00:00","guid":{"rendered":"https:\/\/elluchador.info\/?p=261459"},"modified":"2024-12-24T10:57:51","modified_gmt":"2024-12-24T14:57:51","slug":"uso-excesivo-de-plataformas-digitales-causa-efectos-negativos-en-usuarios","status":"publish","type":"post","link":"https:\/\/elluchador.info\/?p=261459","title":{"rendered":"Uso excesivo de plataformas digitales causa efectos negativos en usuarios"},"content":{"rendered":"\n<p>El uso excesivo de las plataformas digitales puede tener efectos negativos en la salud mental de la poblaci\u00f3n y en la interacci\u00f3n social, resalt\u00f3 la vicepresidenta sectorial de Ciencia, Tecnolog\u00eda, Educaci\u00f3n y Salud, Gabriela Jim\u00e9nez Ram\u00edrez, quien se\u00f1al\u00f3 a trav\u00e9s de su canal de Telegram que \u201cla conectividad digital permite acceder a informaci\u00f3n casi sin l\u00edmites. Sin embargo, la navegaci\u00f3n, especialmente a trav\u00e9s de las redes sociales, no est\u00e1 libre de riesgos\u201d.<\/p>\n\n\n\n<p>Mencion\u00f3 que, por el uso inadecuado de las plataformas digitales, los usuarios pueden ser v\u00edctimas de \u201cciberacoso, ciberseguridad, robo de informaci\u00f3n y retos virales que afectan principalmente a los j\u00f3venes; son algunas de las amenazas que nos llaman a estar alertas como madres, padres, familiares\u201d.<\/p>\n\n\n\n<p>La vicepresidenta sectorial de Ciencia, Tecnolog\u00eda, Educaci\u00f3n y Salud se\u00f1al\u00f3 que \u201cestas plataformas digitales generan adicci\u00f3n y afectan negativamente las vidas de sus usuarios, con \u00e9nfasis principalmente en la salud mental\u201d.<\/p>\n\n\n\n<p>Al respecto, indic\u00f3 que tal situaci\u00f3n puede generar \u201cla epidemia del siglo XXI: La ansiedad, la depresi\u00f3n, la sensaci\u00f3n de frustraci\u00f3n, todas pueden desarrollarse por el uso de las redes sociales\u201d.<\/p>\n\n\n\n<p>En ese sentido, Jim\u00e9nez Ram\u00edrez llam\u00f3 a la poblaci\u00f3n a desarrollar mejores h\u00e1bitos con respecto al manejo de las plataformas digitales. \u201cEl llamado es a construir un estado de bienestar basado en la verdad, la comunicaci\u00f3n, la convivencia, el amor, la concordia y la paz\u201d, puntualiz\u00f3.<\/p>\n\n\n\n<p>Con informaci\u00f3n de <strong>agencias.-<\/strong><\/p>\n","protected":false},"excerpt":{"rendered":"<p>El uso excesivo de las plataformas digitales puede tener efectos negativos en la salud mental de la poblaci\u00f3n y en la interacci\u00f3n social, resalt\u00f3 la vicepresidenta sectorial de Ciencia, Tecnolog\u00eda, Educaci\u00f3n y Salud, Gabriela Jim\u00e9nez Ram\u00edrez, quien se\u00f1al\u00f3 a trav\u00e9s de su canal de Telegram que \u201cla conectividad digital permite acceder a informaci\u00f3n casi sin [&hellip;]<\/p>\n","protected":false},"author":38,"featured_media":261460,"comment_status":"closed","ping_status":"closed","sticky":false,"template":"","format":"standard","meta":{"footnotes":""},"categories":[14],"tags":[448,105],"class_list":{"0":"post-261459","1":"post","2":"type-post","3":"status-publish","4":"format-standard","5":"has-post-thumbnail","7":"category-tecnologia","8":"tag-mundo","9":"tag-venezuela"},"_links":{"self":[{"href":"https:\/\/elluchador.info\/index.php?rest_route=\/wp\/v2\/posts\/261459","targetHints":{"allow":["GET"]}}],"collection":[{"href":"https:\/\/elluchador.info\/index.php?rest_route=\/wp\/v2\/posts"}],"about":[{"href":"https:\/\/elluchador.info\/index.php?rest_route=\/wp\/v2\/types\/post"}],"author":[{"embeddable":true,"href":"https:\/\/elluchador.info\/index.php?rest_route=\/wp\/v2\/users\/38"}],"replies":[{"embeddable":true,"href":"https:\/\/elluchador.info\/index.php?rest_route=%2Fwp%2Fv2%2Fcomments&post=261459"}],"version-history":[{"count":1,"href":"https:\/\/elluchador.info\/index.php?rest_route=\/wp\/v2\/posts\/261459\/revisions"}],"predecessor-version":[{"id":261461,"href":"https:\/\/elluchador.info\/index.php?rest_route=\/wp\/v2\/posts\/261459\/revisions\/261461"}],"wp:featuredmedia":[{"embeddable":true,"href":"https:\/\/elluchador.info\/index.php?rest_route=\/wp\/v2\/media\/261460"}],"wp:attachment":[{"href":"https:\/\/elluchador.info\/index.php?rest_route=%2Fwp%2Fv2%2Fmedia&parent=261459"}],"wp:term":[{"taxonomy":"category","embeddable":true,"href":"https:\/\/elluchador.info\/index.php?rest_route=%2Fwp%2Fv2%2Fcategories&post=261459"},{"taxonomy":"post_tag","embeddable":true,"href":"https:\/\/elluchador.info\/index.php?rest_route=%2Fwp%2Fv2%2Ftags&post=261459"}],"curies":[{"name":"wp","href":"https:\/\/api.w.org\/{rel}","templated":true}]}}