{"id":261471,"date":"2024-12-24T14:13:33","date_gmt":"2024-12-24T18:13:33","guid":{"rendered":"https:\/\/elluchador.info\/?p=261471"},"modified":"2024-12-24T14:14:49","modified_gmt":"2024-12-24T18:14:49","slug":"evacuan-de-emergencia-torre-eiffel-este-24dic","status":"publish","type":"post","link":"https:\/\/elluchador.info\/?p=261471","title":{"rendered":"Evacuan de emergencia Torre Eiffel este #24Dic"},"content":{"rendered":"\n<p>En horas de la ma\u00f1ana de este 24 de diciembre la ic\u00f3nica Torre Eiffel de Francia tuvo que ser evacuada temporalmente debido a un cortocircuito en el sistema el\u00e9ctrico que alimenta sus ascensores.<\/p>\n\n\n\n<p>De acuerdo con medios locales, el desalojo se produjo luego de que sonara la alarma de incendio entre la c\u00faspide y el segundo piso del monumento.<\/p>\n\n\n\n<p>Seg\u00fan un comunicado emitido por la Sociedad de Explotaci\u00f3n de la Torre Eiffel (SETE), se activaron inmediatamente los protocolos de seguridad establecidos para garantizar la protecci\u00f3n de los turistas presentes en ese momento. La evacuaci\u00f3n se llev\u00f3 a cabo sin contratiempos y todos los visitantes fueron guiados hacia \u00e1reas seguras.<\/p>\n\n\n\n<p><strong>Sin peligro para los visitantes<\/strong><br>Del mismo modo, la SETE afirm\u00f3 que no hubo ning\u00fan peligro para los turistas debido al incidente. Los equipos t\u00e9cnicos encargados del mantenimiento el\u00e9ctrico est\u00e1n trabajando en conjunto con los bomberos para determinar la causa exacta del cortocircuito y asegurar que no haya riesgos futuros.<\/p>\n\n\n\n<p>A pesar del incidente ocurrido m\u00e1s temprano, se espera que la Torre Eiffel reabra gradualmente a lo largo del d\u00eda. Se prev\u00e9 que el acceso se restablezca hasta el segundo piso, ubicado a 115 metros sobre el nivel del suelo, permitiendo as\u00ed que los millones de visitantes anuales puedan continuar disfrutando de las impresionantes vistas desde este emblem\u00e1tico lugar.<\/p>\n\n\n\n<p><strong>Torre Eiffel<\/strong><br>La Torre Eiffel es una de las estructuras m\u00e1s famosas del mundo y recibe, en promedio, entre 15.000 y 25.000 visitantes al d\u00eda. Hasta septiembre pasado exhib\u00eda los anillos ol\u00edmpicos, tras el evento deportivo celebrado entre julio y agosto de este a\u00f1o, y cuya continuaba gener\u00f3 un debate patrimonial.<\/p>\n\n\n\n<p>La intenci\u00f3n del Ayuntamiento era mantenerlos al menos hasta los Juegos de Los \u00c1ngeles de 2028, pero se decidi\u00f3 instalar una r\u00e9plica m\u00e1s ligera para evitar da\u00f1os en el emblem\u00e1tico monumento. Un grupo de operarios procedi\u00f3 al retiro de los anillos el 27 de setiembre.<\/p>\n\n\n\n<p>Los cinco anillos iniciales pesan unas 30 toneladas, por lo que el presidente de la sociedad que gestiona la Torre Eiffel, Jean-Fran\u00e7ois Martins, ha explicado en France Bleu que ahora todas las partes deben buscar una nueva estructura que sea ligera pero tambi\u00e9n resistente, con vistas a que pueda permanecer inamovible durante a\u00f1os. \u201cTenemos tiempo para pensarlo\u201d, ha alegado.<\/p>\n\n\n\n<p>Con informaci\u00f3n de <strong>agencias.-<\/strong><\/p>\n","protected":false},"excerpt":{"rendered":"<p>En horas de la ma\u00f1ana de este 24 de diciembre la ic\u00f3nica Torre Eiffel de Francia tuvo que ser evacuada temporalmente debido a un cortocircuito en el sistema el\u00e9ctrico que alimenta sus ascensores. De acuerdo con medios locales, el desalojo se produjo luego de que sonara la alarma de incendio entre la c\u00faspide y el [&hellip;]<\/p>\n","protected":false},"author":38,"featured_media":261472,"comment_status":"closed","ping_status":"closed","sticky":false,"template":"","format":"standard","meta":{"footnotes":""},"categories":[8],"tags":[448],"class_list":{"0":"post-261471","1":"post","2":"type-post","3":"status-publish","4":"format-standard","5":"has-post-thumbnail","7":"category-internacionales","8":"tag-mundo"},"_links":{"self":[{"href":"https:\/\/elluchador.info\/index.php?rest_route=\/wp\/v2\/posts\/261471","targetHints":{"allow":["GET"]}}],"collection":[{"href":"https:\/\/elluchador.info\/index.php?rest_route=\/wp\/v2\/posts"}],"about":[{"href":"https:\/\/elluchador.info\/index.php?rest_route=\/wp\/v2\/types\/post"}],"author":[{"embeddable":true,"href":"https:\/\/elluchador.info\/index.php?rest_route=\/wp\/v2\/users\/38"}],"replies":[{"embeddable":true,"href":"https:\/\/elluchador.info\/index.php?rest_route=%2Fwp%2Fv2%2Fcomments&post=261471"}],"version-history":[{"count":2,"href":"https:\/\/elluchador.info\/index.php?rest_route=\/wp\/v2\/posts\/261471\/revisions"}],"predecessor-version":[{"id":261474,"href":"https:\/\/elluchador.info\/index.php?rest_route=\/wp\/v2\/posts\/261471\/revisions\/261474"}],"wp:featuredmedia":[{"embeddable":true,"href":"https:\/\/elluchador.info\/index.php?rest_route=\/wp\/v2\/media\/261472"}],"wp:attachment":[{"href":"https:\/\/elluchador.info\/index.php?rest_route=%2Fwp%2Fv2%2Fmedia&parent=261471"}],"wp:term":[{"taxonomy":"category","embeddable":true,"href":"https:\/\/elluchador.info\/index.php?rest_route=%2Fwp%2Fv2%2Fcategories&post=261471"},{"taxonomy":"post_tag","embeddable":true,"href":"https:\/\/elluchador.info\/index.php?rest_route=%2Fwp%2Fv2%2Ftags&post=261471"}],"curies":[{"name":"wp","href":"https:\/\/api.w.org\/{rel}","templated":true}]}}