{"id":261478,"date":"2024-12-24T14:30:00","date_gmt":"2024-12-24T18:30:00","guid":{"rendered":"https:\/\/elluchador.info\/?p=261478"},"modified":"2024-12-24T14:19:28","modified_gmt":"2024-12-24T18:19:28","slug":"edymar-brea-conquista-el-sinson-10k-en-galicia","status":"publish","type":"post","link":"https:\/\/elluchador.info\/?p=261478","title":{"rendered":"Edymar Brea conquista el \u201cSinSon 10k\u201d en Galicia"},"content":{"rendered":"\n<p>La atleta venezolana Edymar Brea se coron\u00f3 campeona del \u201cSinSon 10k\u201d, una de las carreras m\u00e1s importantes de Galicia, que reuni\u00f3 a m\u00e1s de 1.300 participantes el pasado domingo 22 de diciembre. La competencia, disputada en Porto do Son, se desarroll\u00f3 bajo condiciones de gran exigencia y con la criolla como la gran favorita, como destac\u00f3 La Voz de Galicia.<\/p>\n\n\n\n<p>Brea logr\u00f3 imponer su ritmo desde el inicio, cruzando la meta con un tiempo de 33:54, lo que le permiti\u00f3 mantener un promedio de 3 minutos con 23 segundos por kil\u00f3metro. Esta victoria es un reflejo de su s\u00f3lida preparaci\u00f3n y le permiti\u00f3 repetir el \u00e9xito del a\u00f1o anterior en el mismo evento. La segunda posici\u00f3n fue para Laura Santos, quien se colg\u00f3 la medalla de plata por segundo a\u00f1o consecutivo, mientras que el bronce fue para Sandra Mosquera.<\/p>\n\n\n\n<p>En la categor\u00eda masculina, Adri\u00e1n Ben, tambi\u00e9n considerado favorito, demostr\u00f3 su dominio al marcar un tiempo impresionante de 29:36, con un ritmo de 2 minutos 57 segundos por kil\u00f3metro, y se llev\u00f3 el primer lugar.<\/p>\n\n\n\n<p>Este evento, considerado uno de los m\u00e1s multitudinarios de los \u00faltimos a\u00f1os en la regi\u00f3n, consolid\u00f3 su prestigio como una de las citas m\u00e1s esperadas del calendario deportivo gallego.<\/p>\n\n\n\n<p>Con informaci\u00f3n de <strong>agencias.-<\/strong><\/p>\n","protected":false},"excerpt":{"rendered":"<p>La atleta venezolana Edymar Brea se coron\u00f3 campeona del \u201cSinSon 10k\u201d, una de las carreras m\u00e1s importantes de Galicia, que reuni\u00f3 a m\u00e1s de 1.300 participantes el pasado domingo 22 de diciembre. La competencia, disputada en Porto do Son, se desarroll\u00f3 bajo condiciones de gran exigencia y con la criolla como la gran favorita, como [&hellip;]<\/p>\n","protected":false},"author":38,"featured_media":261479,"comment_status":"closed","ping_status":"closed","sticky":false,"template":"","format":"standard","meta":{"footnotes":""},"categories":[4,5],"tags":[448,105],"class_list":{"0":"post-261478","1":"post","2":"type-post","3":"status-publish","4":"format-standard","5":"has-post-thumbnail","7":"category-deportes","8":"category-destacado","9":"tag-mundo","10":"tag-venezuela"},"_links":{"self":[{"href":"https:\/\/elluchador.info\/index.php?rest_route=\/wp\/v2\/posts\/261478","targetHints":{"allow":["GET"]}}],"collection":[{"href":"https:\/\/elluchador.info\/index.php?rest_route=\/wp\/v2\/posts"}],"about":[{"href":"https:\/\/elluchador.info\/index.php?rest_route=\/wp\/v2\/types\/post"}],"author":[{"embeddable":true,"href":"https:\/\/elluchador.info\/index.php?rest_route=\/wp\/v2\/users\/38"}],"replies":[{"embeddable":true,"href":"https:\/\/elluchador.info\/index.php?rest_route=%2Fwp%2Fv2%2Fcomments&post=261478"}],"version-history":[{"count":1,"href":"https:\/\/elluchador.info\/index.php?rest_route=\/wp\/v2\/posts\/261478\/revisions"}],"predecessor-version":[{"id":261480,"href":"https:\/\/elluchador.info\/index.php?rest_route=\/wp\/v2\/posts\/261478\/revisions\/261480"}],"wp:featuredmedia":[{"embeddable":true,"href":"https:\/\/elluchador.info\/index.php?rest_route=\/wp\/v2\/media\/261479"}],"wp:attachment":[{"href":"https:\/\/elluchador.info\/index.php?rest_route=%2Fwp%2Fv2%2Fmedia&parent=261478"}],"wp:term":[{"taxonomy":"category","embeddable":true,"href":"https:\/\/elluchador.info\/index.php?rest_route=%2Fwp%2Fv2%2Fcategories&post=261478"},{"taxonomy":"post_tag","embeddable":true,"href":"https:\/\/elluchador.info\/index.php?rest_route=%2Fwp%2Fv2%2Ftags&post=261478"}],"curies":[{"name":"wp","href":"https:\/\/api.w.org\/{rel}","templated":true}]}}