{"id":261502,"date":"2024-12-24T16:45:00","date_gmt":"2024-12-24T20:45:00","guid":{"rendered":"https:\/\/elluchador.info\/?p=261502"},"modified":"2024-12-24T16:42:36","modified_gmt":"2024-12-24T20:42:36","slug":"jose-mujica-sera-operado-para-colocarle-un-stent-en-el-esofago","status":"publish","type":"post","link":"https:\/\/elluchador.info\/?p=261502","title":{"rendered":"Jos\u00e9 Mujica ser\u00e1 operado para colocarle un stent en el es\u00f3fago"},"content":{"rendered":"\n<p>El expresidente de Uruguay Jos\u00e9 Mujica ser\u00e1 internado, aproximadamente al final de esta semana en un centro m\u00e9dico para colocarle un stent en el es\u00f3fago como parte de su tratamiento.<\/p>\n\n\n\n<p>As\u00ed lo inform\u00f3 el portal de la Asociaci\u00f3n de la Prensa del Uruguay y lo confirm\u00f3 este martes la Agencia EFE con su m\u00e9dica personal, Raquel Pannone.<\/p>\n\n\n\n<p>\u00abLo que vamos a hacer es colocar un stent en el es\u00f3fago para que le permita mantener la alimentaci\u00f3n como ven\u00eda a esta ahora\u00bb, explic\u00f3 la doctora, quien a\u00f1adi\u00f3 que seguramente el procedimiento se llevar\u00e1 a cabo este viernes.<\/p>\n\n\n\n<p>El 29 de abril de este a\u00f1o, Mujica anunci\u00f3 en una rueda de prensa que ten\u00eda un tumor en el es\u00f3fago.<\/p>\n\n\n\n<p>\u00abNecesito informarles que el viernes pasado concurr\u00ed al (centro hospitalario) Casmu a hacerme un chequeo en el cual se descubri\u00f3 que tengo un tumor en el es\u00f3fago, que es algo obviamente muy comprometido y que es doblemente complejo en mi caso, porque padezco una enfermedad inmunol\u00f3gica hace m\u00e1s de 20 a\u00f1os\u00bb, dijo ese d\u00eda el expresidente.<\/p>\n\n\n\n<p>Poco tiempo despu\u00e9s, apunt\u00f3 que el tumor era maligno y deb\u00eda tratarse con radioterapia, procedimiento que se llev\u00f3 a cabo en Montevideo.<\/p>\n\n\n\n<p><strong>El avance de la salud de Jos\u00e9 Mujica<\/strong><br>En agosto, Mujica fue ingresado nuevamente al sanatorio debido a que las dificultades para alimentarse generadas por el tratamiento de radioterapia empeoraron su funci\u00f3n renal.<\/p>\n\n\n\n<p>No obstante, Pannone indic\u00f3 en ese momento: \u00abLa radioterapia fue muy buena y tenemos fuertes convicciones de que el c\u00e1ncer se cur\u00f3, que no tiene m\u00e1s. Le hicimos varias veces tomograf\u00edas en estos d\u00edas en diferentes lugares y eso muestra que no hay evidencia del tumor\u00bb.<\/p>\n\n\n\n<p>En septiembre, Mujica fue intervenido quir\u00fargicamente y le hicieron una gatroestom\u00eda para alimentaci\u00f3n.<\/p>\n\n\n\n<p>\u00abEsta gastroestom\u00eda nos permite un acceso para el alimento y la hidrataci\u00f3n seguro, con un buen flujo y poder permitir que, mientras esto transcurre, el es\u00f3fago se pueda ir reparando naturalmente. A eso es lo que apostamos: a tenerlo mejor nutrido, bien hidratado y darle tiempo al es\u00f3fago para cumplir las etapas naturales de recuperaci\u00f3n\u00bb, puntualiz\u00f3 Pannone tras la intervenci\u00f3n.<\/p>\n\n\n\n<p>En noviembre, Mujica brind\u00f3 una entrevista a la Agencia EFE en la que envi\u00f3 un mensaje a los j\u00f3venes: \u00abLe pido a la gente joven que no se sienta quebrada, que el verdadero triunfo en la vida es levantarse y volver a empezar cada vez que uno cae en todos los \u00f3rdenes: en el laburo, en el amor y en la esperanza\u00bb.<\/p>\n\n\n\n<p>Con informaci\u00f3n de <strong>agencias.-<\/strong><\/p>\n","protected":false},"excerpt":{"rendered":"<p>El expresidente de Uruguay Jos\u00e9 Mujica ser\u00e1 internado, aproximadamente al final de esta semana en un centro m\u00e9dico para colocarle un stent en el es\u00f3fago como parte de su tratamiento. As\u00ed lo inform\u00f3 el portal de la Asociaci\u00f3n de la Prensa del Uruguay y lo confirm\u00f3 este martes la Agencia EFE con su m\u00e9dica personal, [&hellip;]<\/p>\n","protected":false},"author":38,"featured_media":261503,"comment_status":"closed","ping_status":"closed","sticky":false,"template":"","format":"standard","meta":{"footnotes":""},"categories":[8],"tags":[448],"class_list":{"0":"post-261502","1":"post","2":"type-post","3":"status-publish","4":"format-standard","5":"has-post-thumbnail","7":"category-internacionales","8":"tag-mundo"},"_links":{"self":[{"href":"https:\/\/elluchador.info\/index.php?rest_route=\/wp\/v2\/posts\/261502","targetHints":{"allow":["GET"]}}],"collection":[{"href":"https:\/\/elluchador.info\/index.php?rest_route=\/wp\/v2\/posts"}],"about":[{"href":"https:\/\/elluchador.info\/index.php?rest_route=\/wp\/v2\/types\/post"}],"author":[{"embeddable":true,"href":"https:\/\/elluchador.info\/index.php?rest_route=\/wp\/v2\/users\/38"}],"replies":[{"embeddable":true,"href":"https:\/\/elluchador.info\/index.php?rest_route=%2Fwp%2Fv2%2Fcomments&post=261502"}],"version-history":[{"count":1,"href":"https:\/\/elluchador.info\/index.php?rest_route=\/wp\/v2\/posts\/261502\/revisions"}],"predecessor-version":[{"id":261504,"href":"https:\/\/elluchador.info\/index.php?rest_route=\/wp\/v2\/posts\/261502\/revisions\/261504"}],"wp:featuredmedia":[{"embeddable":true,"href":"https:\/\/elluchador.info\/index.php?rest_route=\/wp\/v2\/media\/261503"}],"wp:attachment":[{"href":"https:\/\/elluchador.info\/index.php?rest_route=%2Fwp%2Fv2%2Fmedia&parent=261502"}],"wp:term":[{"taxonomy":"category","embeddable":true,"href":"https:\/\/elluchador.info\/index.php?rest_route=%2Fwp%2Fv2%2Fcategories&post=261502"},{"taxonomy":"post_tag","embeddable":true,"href":"https:\/\/elluchador.info\/index.php?rest_route=%2Fwp%2Fv2%2Ftags&post=261502"}],"curies":[{"name":"wp","href":"https:\/\/api.w.org\/{rel}","templated":true}]}}