{"id":261505,"date":"2024-12-24T17:03:00","date_gmt":"2024-12-24T21:03:00","guid":{"rendered":"https:\/\/elluchador.info\/?p=261505"},"modified":"2024-12-24T16:45:15","modified_gmt":"2024-12-24T20:45:15","slug":"bielorrusia-confirma-presencia-en-la-toma-de-posesion-de-nicolas-maduro-para-su-segundo-mandato","status":"publish","type":"post","link":"https:\/\/elluchador.info\/?p=261505","title":{"rendered":"Bielorrusia confirma presencia en la toma de posesi\u00f3n de Nicol\u00e1s Maduro para su segundo mandato"},"content":{"rendered":"\n<p>Bielorrusia ha confirmado su asistencia a la ceremonia de toma de posesi\u00f3n del presidente venezolano Nicol\u00e1s Maduro, programada para el 10 de enero de 2025, donde iniciar\u00e1 su nuevo periodo presidencial.&nbsp;<\/p>\n\n\n\n<p>La confirmaci\u00f3n se dio en el marco de un encuentro bilateral entre Franklin Ram\u00edrez, embajador de Venezuela en Minsk, y Viktor Mij\u00e1ilovich, viceprimer ministro de Bielorrusia.<\/p>\n\n\n\n<p>Durante la reuni\u00f3n, el Viceprimer Ministro bielorruso anunci\u00f3 que ser\u00e1 \u00e9l quien represente al presidente Alexandr Lukashenko en los actos de investidura en Caracas.&nbsp;<\/p>\n\n\n\n<p>A su vez, Ram\u00edrez subray\u00f3 la importancia de la colaboraci\u00f3n entre ambos pa\u00edses, destacando que esta relaci\u00f3n fortalece la visi\u00f3n compartida de un mundo multipolar y pluric\u00e9ntrico.<\/p>\n\n\n\n<p>Mij\u00e1ilovich, por su parte, destac\u00f3 la relevancia de profundizar los lazos pol\u00edticos, econ\u00f3micos y comerciales entre Venezuela y Bielorrusia, reafirmando el compromiso mutuo de continuar avanzando en los acuerdos alcanzados y fomentar el desarrollo sostenible para ambas naciones.<\/p>\n\n\n\n<p>Con informaci\u00f3n de <strong>agencias.-<\/strong><\/p>\n","protected":false},"excerpt":{"rendered":"<p>Bielorrusia ha confirmado su asistencia a la ceremonia de toma de posesi\u00f3n del presidente venezolano Nicol\u00e1s Maduro, programada para el 10 de enero de 2025, donde iniciar\u00e1 su nuevo periodo presidencial.&nbsp; La confirmaci\u00f3n se dio en el marco de un encuentro bilateral entre Franklin Ram\u00edrez, embajador de Venezuela en Minsk, y Viktor Mij\u00e1ilovich, viceprimer ministro [&hellip;]<\/p>\n","protected":false},"author":38,"featured_media":261506,"comment_status":"closed","ping_status":"closed","sticky":false,"template":"","format":"standard","meta":{"footnotes":""},"categories":[11],"tags":[105],"class_list":{"0":"post-261505","1":"post","2":"type-post","3":"status-publish","4":"format-standard","5":"has-post-thumbnail","7":"category-politica","8":"tag-venezuela"},"_links":{"self":[{"href":"https:\/\/elluchador.info\/index.php?rest_route=\/wp\/v2\/posts\/261505","targetHints":{"allow":["GET"]}}],"collection":[{"href":"https:\/\/elluchador.info\/index.php?rest_route=\/wp\/v2\/posts"}],"about":[{"href":"https:\/\/elluchador.info\/index.php?rest_route=\/wp\/v2\/types\/post"}],"author":[{"embeddable":true,"href":"https:\/\/elluchador.info\/index.php?rest_route=\/wp\/v2\/users\/38"}],"replies":[{"embeddable":true,"href":"https:\/\/elluchador.info\/index.php?rest_route=%2Fwp%2Fv2%2Fcomments&post=261505"}],"version-history":[{"count":1,"href":"https:\/\/elluchador.info\/index.php?rest_route=\/wp\/v2\/posts\/261505\/revisions"}],"predecessor-version":[{"id":261507,"href":"https:\/\/elluchador.info\/index.php?rest_route=\/wp\/v2\/posts\/261505\/revisions\/261507"}],"wp:featuredmedia":[{"embeddable":true,"href":"https:\/\/elluchador.info\/index.php?rest_route=\/wp\/v2\/media\/261506"}],"wp:attachment":[{"href":"https:\/\/elluchador.info\/index.php?rest_route=%2Fwp%2Fv2%2Fmedia&parent=261505"}],"wp:term":[{"taxonomy":"category","embeddable":true,"href":"https:\/\/elluchador.info\/index.php?rest_route=%2Fwp%2Fv2%2Fcategories&post=261505"},{"taxonomy":"post_tag","embeddable":true,"href":"https:\/\/elluchador.info\/index.php?rest_route=%2Fwp%2Fv2%2Ftags&post=261505"}],"curies":[{"name":"wp","href":"https:\/\/api.w.org\/{rel}","templated":true}]}}