{"id":261530,"date":"2024-12-25T10:40:44","date_gmt":"2024-12-25T14:40:44","guid":{"rendered":"https:\/\/elluchador.info\/?p=261530"},"modified":"2024-12-25T10:40:48","modified_gmt":"2024-12-25T14:40:48","slug":"foro-penal-todos-los-adolescentes-detenidos-en-el-contexto-poselectoral-fueron-excarcelados","status":"publish","type":"post","link":"https:\/\/elluchador.info\/?p=261530","title":{"rendered":"Foro Penal: Todos los adolescentes detenidos en el contexto poselectoral fueron excarcelados"},"content":{"rendered":"\n<p>\u200eEl director de la ONG venezolana, Foro Penal, Alfredo Romero, inform\u00f3 este martes 24 de diciembre, que todos los adolescentes detenidos en el contexto poselectoral fueron excarcelados.<br>\u200e<br>\u200eEl anuncio llega luego de que la Fiscal\u00eda informara que un grupo de personas detenidas tras las elecciones del 28Jul, fueron liberadas luego de procesos de revisi\u00f3n con los tribunales penales.<br>\u200e<br>\u200e\u201cEs una buena noticia que todos los adolescentes han sido excarcelados\u201d, dijo.<br>\u200e<br>\u200eRomero detall\u00f3 en su cuenta en la red social X, que Foro Penal registra todav\u00eda m\u00e1s de 1.800 adultos presos por motivos pol\u00edticos, la mayor\u00eda arrestados tras las presidenciales, cuando se desataron protestas contra el resultado ofrecido por Consejo Nacional Electoral (CNE) que dieron como ganador al presidente Nicol\u00e1s Maduro. <\/p>\n\n\n\n<figure class=\"wp-block-embed is-type-rich is-provider-twitter wp-block-embed-twitter\"><div class=\"wp-block-embed__wrapper\">\n<blockquote class=\"twitter-tweet\" data-width=\"550\" data-dnt=\"true\"><p lang=\"es\" dir=\"ltr\"><a href=\"https:\/\/twitter.com\/hashtag\/23D?src=hash&amp;ref_src=twsrc%5Etfw\">#23D<\/a> Balance de Presos Pol\u00edticos en Venezuela extranjeros o con doble nacionalidad, lista por nacionalidad.<br><br>19 extranjeros<br>31 con doble nacionalidad<a href=\"https:\/\/twitter.com\/hashtag\/QueSeHagaJusticia?src=hash&amp;ref_src=twsrc%5Etfw\">#QueSeHagaJusticia<\/a> <a href=\"https:\/\/t.co\/QZ2vZhKMY3\">pic.twitter.com\/QZ2vZhKMY3<\/a><\/p>&mdash; Foro Penal (@ForoPenal) <a href=\"https:\/\/twitter.com\/ForoPenal\/status\/1871253406616305677?ref_src=twsrc%5Etfw\">December 23, 2024<\/a><\/blockquote><script async src=\"https:\/\/platform.twitter.com\/widgets.js\" charset=\"utf-8\"><\/script>\n<\/div><\/figure>\n\n\n\n<p>\u200eTambi\u00e9n indic\u00f3 que, la organizaci\u00f3n pudo verificar en diciembre m\u00e1s de 100 excarcelaciones, aunque, agreg\u00f3, que esta Navidad registra \u00abla mayor cantidad de presos pol\u00edticos\u00bb.<br>\u200e<br>\u200eCon informaci\u00f3n <strong><em><mark style=\"background-color:rgba(0, 0, 0, 0)\" class=\"has-inline-color has-vivid-cyan-blue-color\">El Informador<\/mark><\/em><\/strong><\/p>\n","protected":false},"excerpt":{"rendered":"<p>\u200eEl director de la ONG venezolana, Foro Penal, Alfredo Romero, inform\u00f3 este martes 24 de diciembre, que todos los adolescentes detenidos en el contexto poselectoral fueron excarcelados.\u200e\u200eEl anuncio llega luego de que la Fiscal\u00eda informara que un grupo de personas detenidas tras las elecciones del 28Jul, fueron liberadas luego de procesos de revisi\u00f3n con los [&hellip;]<\/p>\n","protected":false},"author":33,"featured_media":261531,"comment_status":"closed","ping_status":"closed","sticky":false,"template":"","format":"standard","meta":{"footnotes":""},"categories":[5,11],"tags":[1910,394,105],"class_list":{"0":"post-261530","1":"post","2":"type-post","3":"status-publish","4":"format-standard","5":"has-post-thumbnail","7":"category-destacado","8":"category-politica","9":"tag-adolescentes","10":"tag-presos","11":"tag-venezuela"},"_links":{"self":[{"href":"https:\/\/elluchador.info\/index.php?rest_route=\/wp\/v2\/posts\/261530","targetHints":{"allow":["GET"]}}],"collection":[{"href":"https:\/\/elluchador.info\/index.php?rest_route=\/wp\/v2\/posts"}],"about":[{"href":"https:\/\/elluchador.info\/index.php?rest_route=\/wp\/v2\/types\/post"}],"author":[{"embeddable":true,"href":"https:\/\/elluchador.info\/index.php?rest_route=\/wp\/v2\/users\/33"}],"replies":[{"embeddable":true,"href":"https:\/\/elluchador.info\/index.php?rest_route=%2Fwp%2Fv2%2Fcomments&post=261530"}],"version-history":[{"count":1,"href":"https:\/\/elluchador.info\/index.php?rest_route=\/wp\/v2\/posts\/261530\/revisions"}],"predecessor-version":[{"id":261532,"href":"https:\/\/elluchador.info\/index.php?rest_route=\/wp\/v2\/posts\/261530\/revisions\/261532"}],"wp:featuredmedia":[{"embeddable":true,"href":"https:\/\/elluchador.info\/index.php?rest_route=\/wp\/v2\/media\/261531"}],"wp:attachment":[{"href":"https:\/\/elluchador.info\/index.php?rest_route=%2Fwp%2Fv2%2Fmedia&parent=261530"}],"wp:term":[{"taxonomy":"category","embeddable":true,"href":"https:\/\/elluchador.info\/index.php?rest_route=%2Fwp%2Fv2%2Fcategories&post=261530"},{"taxonomy":"post_tag","embeddable":true,"href":"https:\/\/elluchador.info\/index.php?rest_route=%2Fwp%2Fv2%2Ftags&post=261530"}],"curies":[{"name":"wp","href":"https:\/\/api.w.org\/{rel}","templated":true}]}}