{"id":261632,"date":"2024-12-26T10:07:45","date_gmt":"2024-12-26T14:07:45","guid":{"rendered":"https:\/\/elluchador.info\/?p=261632"},"modified":"2024-12-26T10:07:50","modified_gmt":"2024-12-26T14:07:50","slug":"el-papa-francisco-abrio-la-segunda-puerta-santa-del-jubileo-2025-en-la-carcel-de-rebibbia","status":"publish","type":"post","link":"https:\/\/elluchador.info\/?p=261632","title":{"rendered":"El Papa Francisco abri\u00f3 la segunda Puerta Santa del Jubileo 2025 en la c\u00e1rcel de Rebibbia"},"content":{"rendered":"\n<p>En un acto repleto de simbolismo y por vez primera en la tradici\u00f3n de la jubilaci\u00f3n, el Papa Francisco inaugur\u00f3 el 26 de diciembre la segunda Puerta Santa del Jubileo de la Esperanza 2025 en el penal del Nuevo Complejo de Rebibbia en Roma.<\/p>\n\n\n\n<p>El Pont\u00edfice, al llegar a la iglesia del Padre Nuestro, ubicada cerca del centro penitenciario, detall\u00f3 su elecci\u00f3n de optar por una c\u00e1rcel: \u201cDeseaba que la segunda Puerta Santa se ubicara en una c\u00e1rcel para que todos, tanto internos como externos, pudieran abrir la puerta del coraz\u00f3n y comprender que la esperanza no defrauda\u201d.<\/p>\n\n\n\n<p>Luego, el Papa Francisco golpe\u00f3 la puerta seis veces y ella se abri\u00f3 gradualmente. Posteriormente, super\u00f3 el l\u00edmite caminando, en contraposici\u00f3n a la apertura de la Puerta Santa de la Bas\u00edlica de San Pedro, cuando lo realiz\u00f3 en silla de ruedas.<\/p>\n\n\n\n<p>Despu\u00e9s del rito de inauguraci\u00f3n, el Santo Padre ofici\u00f3 una Misa con la asistencia de algunos prisioneros y sus familias. De acuerdo con las autoridades, se congregaron 300 individuos y otros 300 asistieron a la Misa desde las afueras del templo.<\/p>\n\n\n\n<p>El Papa Francisco intent\u00f3 abandonar la homil\u00eda redactada y pronunciar unas palabras improvisadas. En su mensaje, intent\u00f3 enfatizar dos conceptos fundamentales: la esperanza nunca se defrauda y la importancia de mantener las puertas del coraz\u00f3n siempre abiertas.<\/p>\n\n\n\n<p>\u201cEl gesto de abrir las puertas santas es hermoso, pero lo m\u00e1s importante es lo que significa: abrir los corazones\u201d, destac\u00f3 el Pont\u00edfice. A\u00f1adi\u00f3 que \u201clos corazones duros no ayudan a vivir\u201d y que la gracia del Jubileo reside precisamente en abrirse a la esperanza.<\/p>\n\n\n\n<p>Compar\u00f3 la esperanza con un ancla agarrada a una cuerda que nos sostiene en los momentos dif\u00edciles: \u201cLa cuerda a veces puede lastimarnos las manos\u00bb, pero siempre nos ayuda a avanzar.<\/p>\n\n\n\n<figure class=\"wp-block-image\"><img decoding=\"async\" src=\"http:\/\/mmedia.eluniversal.com\/archivos\/imagen_2024-12-26_091504569.png\" alt=\"\"\/><\/figure>\n\n\n\n<p>Tambi\u00e9n lament\u00f3 que un coraz\u00f3n cerrado \u201cse endurece como una piedra\u201d y pierde la capacidad de sentir ternura, e insisti\u00f3 en la necesidad de mantener las puertas del coraz\u00f3n abiertas. Antes de concluir, asegur\u00f3 a los internos que reza por ellos cada d\u00eda.<\/p>\n\n\n\n<p>Al final de la liturgia, los reclusos entregaron al Santo Padre varios regalos, entre ellos una reproducci\u00f3n en miniatura de la puerta de la iglesia del Padre Nuestro, realizada con madera de las barcas de migrantes y un cuadro que representa a Cristo salvador.<\/p>\n\n\n\n<figure class=\"wp-block-image\"><img decoding=\"async\" src=\"http:\/\/mmedia.eluniversal.com\/archivos\/imagen_2024-12-26_091555216.png\" alt=\"\"\/><\/figure>\n\n\n\n<p>La visita a Rebibbia responde a las directrices de la bula Spes non confundit, en la que se insta a ser \u201csignos tangibles de esperanza para tantos hermanos y hermanas que viven en condiciones de penuria\u201d.&nbsp;<\/p>\n\n\n\n<figure class=\"wp-block-image\"><img decoding=\"async\" src=\"http:\/\/mmedia.eluniversal.com\/archivos\/imagen_2024-12-26_091651062.png\" alt=\"\"\/><\/figure>\n\n\n\n<p>En especial, el texto papal recuerda a los presos, quienes, adem\u00e1s de sufrir la privaci\u00f3n de libertad, enfrentan \u201cel vac\u00edo afectivo, las restricciones impuestas y, en muchos casos, la falta de respeto\u201d.}<\/p>\n\n\n\n<p><strong><em>Con informaci\u00f3n de EU.<\/em><\/strong><\/p>\n","protected":false},"excerpt":{"rendered":"<p>En un acto repleto de simbolismo y por vez primera en la tradici\u00f3n de la jubilaci\u00f3n, el Papa Francisco inaugur\u00f3 el 26 de diciembre la segunda Puerta Santa del Jubileo de la Esperanza 2025 en el penal del Nuevo Complejo de Rebibbia en Roma. El Pont\u00edfice, al llegar a la iglesia del Padre Nuestro, ubicada [&hellip;]<\/p>\n","protected":false},"author":2,"featured_media":261635,"comment_status":"closed","ping_status":"closed","sticky":false,"template":"","format":"standard","meta":{"footnotes":""},"categories":[8],"tags":[],"class_list":{"0":"post-261632","1":"post","2":"type-post","3":"status-publish","4":"format-standard","5":"has-post-thumbnail","7":"category-internacionales"},"_links":{"self":[{"href":"https:\/\/elluchador.info\/index.php?rest_route=\/wp\/v2\/posts\/261632","targetHints":{"allow":["GET"]}}],"collection":[{"href":"https:\/\/elluchador.info\/index.php?rest_route=\/wp\/v2\/posts"}],"about":[{"href":"https:\/\/elluchador.info\/index.php?rest_route=\/wp\/v2\/types\/post"}],"author":[{"embeddable":true,"href":"https:\/\/elluchador.info\/index.php?rest_route=\/wp\/v2\/users\/2"}],"replies":[{"embeddable":true,"href":"https:\/\/elluchador.info\/index.php?rest_route=%2Fwp%2Fv2%2Fcomments&post=261632"}],"version-history":[{"count":1,"href":"https:\/\/elluchador.info\/index.php?rest_route=\/wp\/v2\/posts\/261632\/revisions"}],"predecessor-version":[{"id":261636,"href":"https:\/\/elluchador.info\/index.php?rest_route=\/wp\/v2\/posts\/261632\/revisions\/261636"}],"wp:featuredmedia":[{"embeddable":true,"href":"https:\/\/elluchador.info\/index.php?rest_route=\/wp\/v2\/media\/261635"}],"wp:attachment":[{"href":"https:\/\/elluchador.info\/index.php?rest_route=%2Fwp%2Fv2%2Fmedia&parent=261632"}],"wp:term":[{"taxonomy":"category","embeddable":true,"href":"https:\/\/elluchador.info\/index.php?rest_route=%2Fwp%2Fv2%2Fcategories&post=261632"},{"taxonomy":"post_tag","embeddable":true,"href":"https:\/\/elluchador.info\/index.php?rest_route=%2Fwp%2Fv2%2Ftags&post=261632"}],"curies":[{"name":"wp","href":"https:\/\/api.w.org\/{rel}","templated":true}]}}