{"id":261817,"date":"2024-12-27T15:51:50","date_gmt":"2024-12-27T19:51:50","guid":{"rendered":"https:\/\/elluchador.info\/?p=261817"},"modified":"2024-12-27T15:51:53","modified_gmt":"2024-12-27T19:51:53","slug":"estas-son-11-de-las-fotos-mas-impresionantes-de-2024","status":"publish","type":"post","link":"https:\/\/elluchador.info\/?p=261817","title":{"rendered":"Estas son 11 de las fotos m\u00e1s impresionantes de 2024"},"content":{"rendered":"\n<p>Desde la sobrecogedora foto de un surfista en Tahit\u00ed, hasta la ic\u00f3nica instant\u00e1nea del presidente electo de Estados Unidos captada tras un intento de asesinato, estas son 11 de las im\u00e1genes m\u00e1s llamativas del \u00faltimo a\u00f1o.<\/p>\n\n\n\n<h3 class=\"wp-block-heading\">1. Dionisio en la apertura de Par\u00eds 2024<\/h3>\n\n\n\n<p>Conocer la historia del arte puede ahorrarte mucho estr\u00e9s y disgustos. Esa fue una de las lecciones aprendidas de la pol\u00e9mica suscitada por una foto tomada durante la ceremonia de inauguraci\u00f3n de los Juegos Ol\u00edmpicos de Par\u00eds.<\/p>\n\n\n\n<p>Algunos cristianos y conservadores confundieron la imagen con una s\u00e1tira de<strong>&nbsp;\u201cLa \u00daltima Cena\u201d y<\/strong>&nbsp;la tacharon de sacrilegio, de mal gusto.<\/p>\n\n\n\n<p>Al disculparse por la confusi\u00f3n, el comit\u00e9 organizador de Par\u00eds 2024 aclar\u00f3 que el retablo no pretend\u00eda en absoluto recordar la obra maestra de Leonardo da Vinci, sino evocar en su lugar al dios griego Dioniso en el cuadro de&nbsp;<strong>Jan van Bijlert, \u201cEl fest\u00edn de los dioses\u201d, de 1635.<\/strong><\/p>\n\n\n<div class=\"wp-block-image\">\n<figure class=\"aligncenter\"><img decoding=\"async\" src=\"https:\/\/bitlyanews.com\/wp-content\/uploads\/2024\/12\/Dionisio-en-la-apertura-de-Paris-2024.jpg\" alt=\"\" class=\"wp-image-1086986\"\/><\/figure>\n<\/div>\n\n\n<h3 class=\"wp-block-heading\">2. El centro de tr\u00e1nsito de Sud\u00e1n del Sur<\/h3>\n\n\n\n<p>Refugiados sudaneses esperan su turno para recibir asistencia en una abarrotada cola de un Centro de Tr\u00e1nsito en&nbsp;<strong>Renk, Sud\u00e1n del Sur<\/strong>, en febrero.<\/p>\n\n\n\n<p>A principios de 2024, m\u00e1s de&nbsp;<strong>medio mill\u00f3n de personas<\/strong>&nbsp;hab\u00edan huido de los combates entre el ej\u00e9rcito sudan\u00e9s y las paramilitares Fuerzas de Apoyo R\u00e1pido, lo que puso a Sud\u00e1n del Sur al l\u00edmite.<\/p>\n\n\n\n<p>Las v\u00edvidas telas de colores y sus estampados contrastan fuertemente con la sobriedad de la situaci\u00f3n de los migrantes.<\/p>\n\n\n\n<p>La intensidad de la foto recuerda el ritmo y la textura de las obras abstractas del c\u00e9lebre artista y cineasta sudan\u00e9s&nbsp;<strong>Hussein Shariffe<\/strong>, cuyas po\u00e9ticas pinturas difuminaban la l\u00ednea entre los colores que vemos y los que sentimos.<\/p>\n\n\n<div class=\"wp-block-image\">\n<figure class=\"aligncenter\"><img decoding=\"async\" src=\"https:\/\/bitlyanews.com\/wp-content\/uploads\/2024\/12\/Captura-de-pantalla-2024-12-27-123144.jpg\" alt=\"\" class=\"wp-image-1086987\"\/><\/figure>\n<\/div>\n\n\n<h3 class=\"wp-block-heading\">3. Un volc\u00e1n en erupci\u00f3n en Indonesia<\/h3>\n\n\n\n<p>Las im\u00e1genes del poderoso volc\u00e1n indonesio&nbsp;<strong>Monte Ruang<\/strong>, que entr\u00f3 en erupci\u00f3n varias veces en abril, arrojando al cielo lava caliente y humeantes columnas de ceniza, eran tan fascinantes como amenazadoras.<\/p>\n\n\n\n<p>La temible fuerza de la actividad volc\u00e1nica ha fascinado durante milenios a los humanos y una foto de la sublime efusi\u00f3n de tefra incandescente, piedra p\u00f3mez vaporizada y mineral fundido en la atm\u00f3sfera coincid\u00eda extra\u00f1amente con la violenta visi\u00f3n del artista rom\u00e1ntico brit\u00e1nico&nbsp;<strong>John Martin<\/strong>.<\/p>\n\n\n\n<p>Hace dos siglos, Martin imagin\u00f3 la erupci\u00f3n del Vesubio en el a\u00f1o 79 d.C. para su apocal\u00edptico cuadro&nbsp;<strong>\u201cLa destrucci\u00f3n de Pompeya y Herculano\u201d<\/strong>&nbsp;(1822).<\/p>\n\n\n<div class=\"wp-block-image\">\n<figure class=\"aligncenter\"><img decoding=\"async\" src=\"https:\/\/bitlyanews.com\/wp-content\/uploads\/2024\/12\/Captura-de-pantalla-2024-12-27-123217.jpg\" alt=\"\" class=\"wp-image-1086988\"\/><\/figure>\n<\/div>\n\n\n<h3 class=\"wp-block-heading\">4. El atentado contra Donald Trump en Pensilvania<\/h3>\n\n\n\n<p>Algunas fotos se coreograf\u00edan a s\u00ed mismas, presintiendo que ser\u00e1n ic\u00f3nicas.<\/p>\n\n\n\n<p>Me vienen a la mente, por ejemplo, el izado de la bandera estadounidense en la isla japonesa Iwo Jima, durante la Segunda Guerra Mundial, o el pu\u00f1o al aire de los atletas afroestadounidenses al recibir medallas en los Juegos Ol\u00edmpicos de 1968 en Ciudad de M\u00e9xico.<\/p>\n\n\n\n<p>Haci\u00e9ndose eco de elementos de esos dos hitos de la creaci\u00f3n de im\u00e1genes, la foto de un&nbsp;<strong>Donald Trump<\/strong>&nbsp;desafiante, levantando el pu\u00f1o, poni\u00e9ndose en pie con la cara manchada de sangre despu\u00e9s de que una bala le perforara la oreja derecha en un mitin de campa\u00f1a en julio, con la bandera de EE.UU. detr\u00e1s de \u00e9l, hizo que muchos se preguntaran si ese fue el momento en el que gan\u00f3 las elecciones.<\/p>\n\n\n<div class=\"wp-block-image\">\n<figure class=\"aligncenter\"><img decoding=\"async\" src=\"https:\/\/bitlyanews.com\/wp-content\/uploads\/2024\/12\/descarga-3-1024x576.jpg\" alt=\"\" class=\"wp-image-1086990\"\/><\/figure>\n<\/div>\n\n\n<h3 class=\"wp-block-heading\">5. Un campo de refugiados palestinos en Gaza<\/h3>\n\n\n\n<p>Dos ni\u00f1as palestinas, prepar\u00e1ndose para el Ramad\u00e1n, encienden linternas para decorar las abarrotadas tiendas de los refugiados en el sur de Gaza el 29 de febrero.<\/p>\n\n\n\n<p>La suave luz de las linternas contrasta fuertemente con la inquietante penumbra de una incierta puesta de sol que parpadea en la distancia. En el verano, el&nbsp;<strong>90% de los habitantes de Gaza (unos dos millones de personas) fueron desplazados por la guerra.<\/strong><\/p>\n\n\n\n<p>El acto de iluminar con linternas recuerda una famosa escena de la historia del arte: el cuadro&nbsp;<strong>\u201cCarnation, Lily, Lily, Rose\u201d<\/strong>&nbsp;de<strong>&nbsp;John Singer Sargent<\/strong>, que retrata a las hijas de un amigo, en un crep\u00fasculo del suroeste de Inglaterra.<\/p>\n\n\n\n<p>Fue pintado pacientemente a lo largo de muchos meses, cuando la luz era la adecuada durante unos fugaces momentos cada tarde del oto\u00f1o de 1885. Lo \u00fanico que falta es la hierba verde, las flores silvestres y una permanente sensaci\u00f3n de paz.<\/p>\n\n\n<div class=\"wp-block-image\">\n<figure class=\"aligncenter\"><img decoding=\"async\" src=\"https:\/\/bitlyanews.com\/wp-content\/uploads\/2024\/12\/Captura-de-pantalla-2024-12-27-123355.jpg\" alt=\"\" class=\"wp-image-1086991\"\/><\/figure>\n<\/div>\n\n\n<h3 class=\"wp-block-heading\">6. El surfista ol\u00edmpico en Tahit\u00ed<\/h3>\n\n\n\n<p>La inspiradora imagen del brasile\u00f1o&nbsp;<strong>Gabriel Medina&nbsp;<\/strong>elev\u00e1ndose hacia el cielo tras surfear en una enorme ola en la isla de Tahit\u00ed, en la Polinesia Francesa, el 29 de julio, se hizo viral al instante.<\/p>\n\n\n\n<p>La levitaci\u00f3n de Medina, aparentemente sin esfuerzo, recuerda innumerables representaciones religiosas de ascensi\u00f3n m\u00edstica en el arte occidental, de Giotto a Rembrandt, de Il Garofalo a Salvador Dal\u00ed.<\/p>\n\n\n\n<p>Lo que sella la sorprendente sincron\u00eda de la elevaci\u00f3n atl\u00e9tica con la ascensi\u00f3n espiritual es el brazo derecho levantado de Medina y su dedo \u00edndice, se\u00f1alando con precisi\u00f3n hacia d\u00f3nde parecen dirigirse su cuerpo y su alma.<\/p>\n\n\n<div class=\"wp-block-image\">\n<figure class=\"aligncenter\"><img decoding=\"async\" src=\"https:\/\/bitlyanews.com\/wp-content\/uploads\/2024\/12\/Captura-de-pantalla-2024-12-27-123013.jpg\" alt=\"\" class=\"wp-image-1086985\"\/><\/figure>\n<\/div>\n\n\n<h3 class=\"wp-block-heading\">7. La DANA de Valencia, Espa\u00f1a<\/h3>\n\n\n\n<p>El 30 de octubre, una mujer de Valencia contempla desde su balc\u00f3n un barrio inundado, mientras los veh\u00edculos arrastrados por las aguas chocan unos contra otros, como una estampida de toros de acero por las calles.<\/p>\n\n\n\n<p>El fen\u00f3meno meteorol\u00f3gico conocido como&nbsp;<strong>DANA&nbsp;<\/strong>(Depresi\u00f3n Aislada en Niveles Altos), o \u201cgota fr\u00eda\u201d, golpe\u00f3&nbsp;<strong>Valencia&nbsp;<\/strong>un d\u00eda antes, desencadenando lluvias sin precedentes. En solo ocho horas cayeron 500 mm, devastando la regi\u00f3n.<\/p>\n\n\n\n<p>La vertiginosa perspectiva de la mujer valenciana, a trav\u00e9s de cuyos ojos vemos c\u00f3mo el mundo se desmorona y se retuerce, recuerda la perspectiva desali\u00f1ada del cuadro del cubista italiano&nbsp;<strong>Carlo Carra<\/strong>&nbsp;de 1912, \u201cSimultaneit\u00e0, La donna al balcone\u201d.<\/p>\n\n\n\n<figure class=\"wp-block-image\" id=\"attachment_1065141\"><img decoding=\"async\" src=\"https:\/\/bitlyanews.com\/wp-content\/uploads\/2024\/10\/144b7ea7c1aed0ca748ca630f255260a35f0f285w-1024x683.jpg\" alt=\"\" class=\"wp-image-1065141\"\/><figcaption class=\"wp-element-caption\">FOTODELD\u00cdA PAIPORTA (VALENCIA), 30\/10\/2024.- Vista general de varios veh\u00edculos da\u00f1ados en Paiporta, tras las fuertes lluvias causadas por la DANA. La alcaldesa de Paiporta (Valencia), Maribel Albalat, ha confirmado que al menos hay 34 fallecidos en su municipio a consecuencia de la dana que ha afectado a la Comunidad Valenciana. EFE\/Manu Bruque<\/figcaption><\/figure>\n\n\n\n<h3 class=\"wp-block-heading\">8. La aparici\u00f3n de Billie Eilish, Nueva York<\/h3>\n\n\n\n<p>En una fiesta para la presentaci\u00f3n de su \u00e1lbum&nbsp;<em>Hit Me Hard and Soft<\/em>, celebrada en Nueva York en mayo, la cantautora estadounidense&nbsp;<strong>Billie Eilish&nbsp;<\/strong>parece disolverse en un sue\u00f1o de luz envuelta en humo, mientras su cuerpo se amplifica y se vaporiza en una silueta corpulenta, aunque intangible.<\/p>\n\n\n\n<p>La disoluci\u00f3n del ser en una bruma resplandeciente evoca las visiones evaporativas del pintor brit\u00e1nico&nbsp;<strong>JMW Turner<\/strong>, cuya obra compleja \u201cLuz y color (teor\u00eda de Goethe) \u2013 La ma\u00f1ana despu\u00e9s del diluvio\u201d (1843), imagina un momento aparentemente insondable de sublime iluminaci\u00f3n que prepara el escenario para todos los centelleantes matices de la existencia que le siguen.<\/p>\n\n\n<div class=\"wp-block-image\">\n<figure class=\"aligncenter\"><img decoding=\"async\" src=\"https:\/\/bitlyanews.com\/wp-content\/uploads\/2024\/12\/Captura-de-pantalla-2024-12-27-123503-1.jpg\" alt=\"\" class=\"wp-image-1086995\"\/><\/figure>\n<\/div>\n\n\n<h3 class=\"wp-block-heading\">9. La ca\u00edda de la estatua en Siria<\/h3>\n\n\n\n<p>En un gesto de profundo desprecio, un grupo de ciudadanos en Siria pisa con sus zapatos la cabeza de una estatua derribada del expresidente&nbsp;<strong>Hafez al Assad<\/strong>, el 9 de diciembre.<\/p>\n\n\n\n<p>Tras el colapso del r\u00e9gimen del partido Baath de Siria y la huida del pa\u00eds de la familia Assad, se vio a los sirios derribar innumerables efigies del padre del derrocado presidente&nbsp;<strong>Bashar al Assad<\/strong>&nbsp;en ciudades de todo el pa\u00eds.<\/p>\n\n\n\n<p>Existe, por supuesto, una especie de catarsis comunitaria en el j\u00fabilo compartido de derribar estatuas de gobernantes rechazados, como vemos en la pintura de&nbsp;<strong>William Walcutt<\/strong>&nbsp;de 1857 de un c\u00edrculo de neoyorquinos extasiados derribando la estatua del rey Jorge III del escultor brit\u00e1nico Joseph Wilton en julio de 1776, tras una lectura de la reci\u00e9n adoptada Declaraci\u00f3n de Independencia.<\/p>\n\n\n<div class=\"wp-block-image\">\n<figure class=\"aligncenter\"><img decoding=\"async\" src=\"https:\/\/bitlyanews.com\/wp-content\/uploads\/2024\/12\/Captura-de-pantalla-2024-12-27-123824-1.jpg\" alt=\"\" class=\"wp-image-1086999\"\/><\/figure>\n<\/div>\n\n\n<h3 class=\"wp-block-heading\">10. La reuni\u00f3n de Bailarinas, Nueva York<\/h3>\n\n\n\n<p>En abril, m\u00e1s de 350 bailarinas se reunieron para batir el r\u00e9cord Guinness de mayor n\u00famero de bailarinas posando simult\u00e1neamente en punta.<\/p>\n\n\n\n<p>Una foto de muchas de las participantes prepar\u00e1ndose con entusiasmo para la competici\u00f3n capt\u00f3 la elegancia y la energ\u00eda de la trascendental ocasi\u00f3n.<\/p>\n\n\n\n<p>La aglomeraci\u00f3n de tantas j\u00f3venes habr\u00eda atra\u00eddo sin duda al artista impresionista franc\u00e9s<strong>&nbsp;Edgar Degas<\/strong>, quien, al parecer, no solo disfrutaba con la visi\u00f3n de las h\u00e1biles bailarinas, a las que llamaba sus \u201cmonitas\u201d, practicando y actuando, sino tambi\u00e9n del angustioso sonido de sus articulaciones al \u201ccrujir\u201d.<\/p>\n\n\n<div class=\"wp-block-image\">\n<figure class=\"aligncenter\"><img decoding=\"async\" src=\"https:\/\/bitlyanews.com\/wp-content\/uploads\/2024\/12\/Captura-de-pantalla-2024-12-27-123842.jpg\" alt=\"\" class=\"wp-image-1087000\"\/><\/figure>\n<\/div>\n\n\n<h3 class=\"wp-block-heading\">11. La mujer de la Asamblea Nacional de Se\u00fal<\/h3>\n\n\n\n<p>Una mujer surcoreana toma sin miedo el ca\u00f1\u00f3n del fusil cargado de un soldado. Captada poco despu\u00e9s de que el presidente&nbsp;<strong>Yoon Suk Yeol<\/strong>&nbsp;declarara la ley marcial, la imagen muestra a&nbsp;<strong>Ahn Gwi-ryeong<\/strong>, de 35 a\u00f1os, portavoz del opositor Partido Dem\u00f3crata, forcejeando con soldados fuertemente armados a los que se orden\u00f3 impedir que los legisladores se reunieran.<\/p>\n\n\n\n<p>\u201cMi \u00fanico pensamiento\u201d, dijo Ahn m\u00e1s tarde sobre el enfrentamiento, \u201cfue que ten\u00eda que detenerlos. Los empuj\u00e9, me los quit\u00e9 de encima e hice todo lo que pude\u201d.<\/p>\n\n\n\n<p>La inquebrantable determinaci\u00f3n de Ahn, e incluso el resplandor de la luz de su ropa, recuerdan el conmovedor retrato en acuarela de Juana de Arco que hizo el artista brit\u00e1nico&nbsp;<strong>John Gilbert&nbsp;<\/strong>en el siglo XIX.<\/p>\n\n\n<div class=\"wp-block-image\">\n<figure class=\"aligncenter\"><img decoding=\"async\" src=\"https:\/\/bitlyanews.com\/wp-content\/uploads\/2024\/12\/Captura-de-pantalla-2024-12-27-123850-1.jpg\" alt=\"\" class=\"wp-image-1087003\"\/><\/figure>\n<\/div>\n\n\n<p><strong><em>Con informsci\u00f3n de BBC\/La Naci\u00f3n.<\/em><\/strong><\/p>\n","protected":false},"excerpt":{"rendered":"<p>Desde la sobrecogedora foto de un surfista en Tahit\u00ed, hasta la ic\u00f3nica instant\u00e1nea del presidente electo de Estados Unidos captada tras un intento de asesinato, estas son 11 de las im\u00e1genes m\u00e1s llamativas del \u00faltimo a\u00f1o. 1. Dionisio en la apertura de Par\u00eds 2024 Conocer la historia del arte puede ahorrarte mucho estr\u00e9s y disgustos. [&hellip;]<\/p>\n","protected":false},"author":2,"featured_media":261818,"comment_status":"closed","ping_status":"closed","sticky":false,"template":"","format":"standard","meta":{"footnotes":""},"categories":[3],"tags":[],"class_list":{"0":"post-261817","1":"post","2":"type-post","3":"status-publish","4":"format-standard","5":"has-post-thumbnail","7":"category-curiosidades"},"_links":{"self":[{"href":"https:\/\/elluchador.info\/index.php?rest_route=\/wp\/v2\/posts\/261817","targetHints":{"allow":["GET"]}}],"collection":[{"href":"https:\/\/elluchador.info\/index.php?rest_route=\/wp\/v2\/posts"}],"about":[{"href":"https:\/\/elluchador.info\/index.php?rest_route=\/wp\/v2\/types\/post"}],"author":[{"embeddable":true,"href":"https:\/\/elluchador.info\/index.php?rest_route=\/wp\/v2\/users\/2"}],"replies":[{"embeddable":true,"href":"https:\/\/elluchador.info\/index.php?rest_route=%2Fwp%2Fv2%2Fcomments&post=261817"}],"version-history":[{"count":1,"href":"https:\/\/elluchador.info\/index.php?rest_route=\/wp\/v2\/posts\/261817\/revisions"}],"predecessor-version":[{"id":261819,"href":"https:\/\/elluchador.info\/index.php?rest_route=\/wp\/v2\/posts\/261817\/revisions\/261819"}],"wp:featuredmedia":[{"embeddable":true,"href":"https:\/\/elluchador.info\/index.php?rest_route=\/wp\/v2\/media\/261818"}],"wp:attachment":[{"href":"https:\/\/elluchador.info\/index.php?rest_route=%2Fwp%2Fv2%2Fmedia&parent=261817"}],"wp:term":[{"taxonomy":"category","embeddable":true,"href":"https:\/\/elluchador.info\/index.php?rest_route=%2Fwp%2Fv2%2Fcategories&post=261817"},{"taxonomy":"post_tag","embeddable":true,"href":"https:\/\/elluchador.info\/index.php?rest_route=%2Fwp%2Fv2%2Ftags&post=261817"}],"curies":[{"name":"wp","href":"https:\/\/api.w.org\/{rel}","templated":true}]}}