{"id":261951,"date":"2024-12-28T19:24:57","date_gmt":"2024-12-28T23:24:57","guid":{"rendered":"https:\/\/elluchador.info\/?p=261951"},"modified":"2024-12-28T19:25:01","modified_gmt":"2024-12-28T23:25:01","slug":"papa-francisco-pidio-para-este-ano-nuevo-un-mundo-lleno-de-esperanza-y-bondad","status":"publish","type":"post","link":"https:\/\/elluchador.info\/?p=261951","title":{"rendered":"Papa Francisco pidi\u00f3 para este a\u00f1o nuevo un mundo lleno de esperanza y bondad"},"content":{"rendered":"\n<p>El papa Francisco pidi\u00f3 crear un mundo lleno de esperanza y bondad en un mensaje grabado para el programa \u201cToday\u201d de Radio 4 de la emisora brit\u00e1nica BBC.<\/p>\n\n\n\n<p>El l\u00edder de la Iglesia Cat\u00f3lica dese\u00f3 a los oyentes \u201cpaz, compa\u00f1erismo y gratitud\u201d en el nuevo a\u00f1o mientras pronunci\u00f3 el llamado \u201cPensamiento del d\u00eda\u201d para el programa emitido este s\u00e1bado.<\/p>\n\n\n\n<p>El pont\u00edfice hizo esta petici\u00f3n con motivo del comienzo del A\u00f1o Santo de la Iglesia, una tradici\u00f3n que ocurre cada 25 a\u00f1os e implica que los fieles acudan a Roma en peregrinaciones.<\/p>\n\n\n\n<p>\u201cLa esperanza y la bondad tocan el coraz\u00f3n mismo del Evangelio y nos indican el camino a seguir en nuestro comportamiento. Un mundo lleno de esperanza y bondad es un mundo m\u00e1s bello\u201d, dijo el papa.<\/p>\n\n\n\n<p>\u201cUna sociedad que mira al futuro con confianza y trata a las personas con respeto y empat\u00eda es m\u00e1s humana. Aunque no sabemos lo que nos puede deparar el ma\u00f1ana, no debemos mirar al futuro con pesimismo y resignaci\u00f3n\u201d, a\u00f1adi\u00f3.<\/p>\n\n\n\n<p>Dijo que \u201clas guerras, las injusticias sociales y las m\u00faltiples formas de violencia a las que estamos expuestos cada d\u00eda no deben desanimarnos ni llevarnos al escepticismo y al des\u00e1nimo\u201d.<\/p>\n\n\n\n<p>Francisco afirm\u00f3 que la bondad \u201cno es una estrategia diplom\u00e1tica\u201d, sino que representa una \u201cforma de amor que abre los corazones a la aceptaci\u00f3n y nos ayuda a todos a ser m\u00e1s humildes\u201d.<\/p>\n\n\n\n<p>El papa resalt\u00f3 que espera que este Jubileo permita a todos practicar la bondad como una forma de amor para conectarnos con los dem\u00e1s. \u201cQue el A\u00f1o Nuevo nos traiga paz, compa\u00f1erismo y gratitud\u201d.<\/p>\n\n\n\n<p>El \u201cPensamiento del d\u00eda\u201d es un segmento regular del programa Today de Radio 4 que da la bienvenida a personas de todas las religiones para compartir reflexiones sobre el mundo.<\/p>\n\n\n\n<p>El papa argentino, de 88 a\u00f1os, grab\u00f3 su mensaje en italiano antes de que fuera traducido al ingl\u00e9s para las audiencias de la radio.<\/p>\n\n\n\n<p>Es la segunda vez que Francisco aparece en el \u201cPensamiento del d\u00eda\u201d, ya que habl\u00f3 por primera vez en 2021 antes de la cumbre clim\u00e1tica COP26 celebrada en la ciudad escocesa de Glasgow.<\/p>\n\n\n\n<p><strong><em>Con informaci\u00f3n de EU.<\/em><\/strong><\/p>\n","protected":false},"excerpt":{"rendered":"<p>El papa Francisco pidi\u00f3 crear un mundo lleno de esperanza y bondad en un mensaje grabado para el programa \u201cToday\u201d de Radio 4 de la emisora brit\u00e1nica BBC. El l\u00edder de la Iglesia Cat\u00f3lica dese\u00f3 a los oyentes \u201cpaz, compa\u00f1erismo y gratitud\u201d en el nuevo a\u00f1o mientras pronunci\u00f3 el llamado \u201cPensamiento del d\u00eda\u201d para el [&hellip;]<\/p>\n","protected":false},"author":2,"featured_media":261952,"comment_status":"closed","ping_status":"closed","sticky":false,"template":"","format":"standard","meta":{"footnotes":""},"categories":[8],"tags":[],"class_list":{"0":"post-261951","1":"post","2":"type-post","3":"status-publish","4":"format-standard","5":"has-post-thumbnail","7":"category-internacionales"},"_links":{"self":[{"href":"https:\/\/elluchador.info\/index.php?rest_route=\/wp\/v2\/posts\/261951","targetHints":{"allow":["GET"]}}],"collection":[{"href":"https:\/\/elluchador.info\/index.php?rest_route=\/wp\/v2\/posts"}],"about":[{"href":"https:\/\/elluchador.info\/index.php?rest_route=\/wp\/v2\/types\/post"}],"author":[{"embeddable":true,"href":"https:\/\/elluchador.info\/index.php?rest_route=\/wp\/v2\/users\/2"}],"replies":[{"embeddable":true,"href":"https:\/\/elluchador.info\/index.php?rest_route=%2Fwp%2Fv2%2Fcomments&post=261951"}],"version-history":[{"count":1,"href":"https:\/\/elluchador.info\/index.php?rest_route=\/wp\/v2\/posts\/261951\/revisions"}],"predecessor-version":[{"id":261953,"href":"https:\/\/elluchador.info\/index.php?rest_route=\/wp\/v2\/posts\/261951\/revisions\/261953"}],"wp:featuredmedia":[{"embeddable":true,"href":"https:\/\/elluchador.info\/index.php?rest_route=\/wp\/v2\/media\/261952"}],"wp:attachment":[{"href":"https:\/\/elluchador.info\/index.php?rest_route=%2Fwp%2Fv2%2Fmedia&parent=261951"}],"wp:term":[{"taxonomy":"category","embeddable":true,"href":"https:\/\/elluchador.info\/index.php?rest_route=%2Fwp%2Fv2%2Fcategories&post=261951"},{"taxonomy":"post_tag","embeddable":true,"href":"https:\/\/elluchador.info\/index.php?rest_route=%2Fwp%2Fv2%2Ftags&post=261951"}],"curies":[{"name":"wp","href":"https:\/\/api.w.org\/{rel}","templated":true}]}}