{"id":262140,"date":"2024-12-30T18:16:15","date_gmt":"2024-12-30T22:16:15","guid":{"rendered":"https:\/\/elluchador.info\/?p=262140"},"modified":"2024-12-30T18:16:19","modified_gmt":"2024-12-30T22:16:19","slug":"gobernador-angel-marcano-lidero-gabinete-ampliado-de-seguridad-en-ciudad-bolivar","status":"publish","type":"post","link":"https:\/\/elluchador.info\/?p=262140","title":{"rendered":"Gobernador \u00c1ngel Marcano lider\u00f3 gabinete ampliado de seguridad en Ciudad Bol\u00edvar"},"content":{"rendered":"\n<p>\u200eDesde el sal\u00f3n Piar del Palacio de Gobierno en Angostura del Orinoco, el gobernador de Bol\u00edvar, \u00c1ngel Marcano, lider\u00f3 un gabinete ampliado de seguridad donde present\u00f3 estrategias para seguir garantizando la paz y tranquilidad de la regi\u00f3n en 2025.<br>\u200e<br>\u200eEl mandatario regional estuvo acompa\u00f1ado de los alcaldes; Sergio Hern\u00e1ndez, Angostura del Orinoco, Vicente Rojas, Sifontes, y David Ramos, Padre Chien, representantes del Partido Socialista Unido de Venezuela (PSUV), comandantes de la Zodi Bol\u00edvar, Zodi Delta Amacuro, Zodi Amazonas y Zodi Guayana Esequiba.<br>\u200e<br>\u200eEn la reuni\u00f3n de coordinaci\u00f3n tambi\u00e9n estuvieron representantes de diferentes cuerpos de seguridad del estado, instituciones judiciales, diputados a la Asamblea Nacional, entre otras personalidades. <\/p>\n\n\n\n<figure class=\"wp-block-gallery has-nested-images columns-default is-cropped wp-block-gallery-1 is-layout-flex wp-block-gallery-is-layout-flex\">\n<figure class=\"wp-block-image size-large\"><img loading=\"lazy\" decoding=\"async\" width=\"1024\" height=\"683\" data-id=\"262141\" src=\"https:\/\/elluchador.info\/wp-content\/uploads\/2024\/12\/3-seguridad--1024x683.jpg\" alt=\"\" class=\"wp-image-262141\" srcset=\"https:\/\/elluchador.info\/wp-content\/uploads\/2024\/12\/3-seguridad--1024x683.jpg 1024w, https:\/\/elluchador.info\/wp-content\/uploads\/2024\/12\/3-seguridad--300x200.jpg 300w, https:\/\/elluchador.info\/wp-content\/uploads\/2024\/12\/3-seguridad--768x512.jpg 768w, https:\/\/elluchador.info\/wp-content\/uploads\/2024\/12\/3-seguridad--1536x1024.jpg 1536w, https:\/\/elluchador.info\/wp-content\/uploads\/2024\/12\/3-seguridad--2048x1365.jpg 2048w, https:\/\/elluchador.info\/wp-content\/uploads\/2024\/12\/3-seguridad--150x100.jpg 150w, https:\/\/elluchador.info\/wp-content\/uploads\/2024\/12\/3-seguridad--696x464.jpg 696w, https:\/\/elluchador.info\/wp-content\/uploads\/2024\/12\/3-seguridad--1068x712.jpg 1068w, https:\/\/elluchador.info\/wp-content\/uploads\/2024\/12\/3-seguridad--1920x1280.jpg 1920w\" sizes=\"auto, (max-width: 1024px) 100vw, 1024px\" \/><\/figure>\n\n\n\n<figure class=\"wp-block-image size-large\"><img loading=\"lazy\" decoding=\"async\" width=\"1024\" height=\"682\" data-id=\"262142\" src=\"https:\/\/elluchador.info\/wp-content\/uploads\/2024\/12\/6-Seguridad--1024x682.jpg\" alt=\"\" class=\"wp-image-262142\" srcset=\"https:\/\/elluchador.info\/wp-content\/uploads\/2024\/12\/6-Seguridad--1024x682.jpg 1024w, https:\/\/elluchador.info\/wp-content\/uploads\/2024\/12\/6-Seguridad--300x200.jpg 300w, https:\/\/elluchador.info\/wp-content\/uploads\/2024\/12\/6-Seguridad--768x512.jpg 768w, https:\/\/elluchador.info\/wp-content\/uploads\/2024\/12\/6-Seguridad--1536x1024.jpg 1536w, https:\/\/elluchador.info\/wp-content\/uploads\/2024\/12\/6-Seguridad--2048x1365.jpg 2048w, https:\/\/elluchador.info\/wp-content\/uploads\/2024\/12\/6-Seguridad--150x100.jpg 150w, https:\/\/elluchador.info\/wp-content\/uploads\/2024\/12\/6-Seguridad--696x464.jpg 696w, https:\/\/elluchador.info\/wp-content\/uploads\/2024\/12\/6-Seguridad--1068x712.jpg 1068w, https:\/\/elluchador.info\/wp-content\/uploads\/2024\/12\/6-Seguridad--1920x1280.jpg 1920w\" sizes=\"auto, (max-width: 1024px) 100vw, 1024px\" \/><\/figure>\n<\/figure>\n\n\n\n<p>\u200eDurante su participaci\u00f3n, Marcano, present\u00f3 la agenda de trabajo del primer trimestre del 2025, enmarcada en preservar la paz, seguridad, resguardar logros de la revoluci\u00f3n, sumado el acompa\u00f1amiento del presidente Nicol\u00e1s Maduro, y fortalecer las pol\u00edticas sociales en la entidad bolivarense.<br>\u200e<br>\u200eMarcano destac\u00f3 que Bol\u00edvar ha alcanzado importantes avances en materia de seguridad. \u201cHemos garantizado unas navidades felices y en paz, gracias a la uni\u00f3n c\u00edvico, militar, policial y popular, clave del \u00e9xito para la armon\u00eda del pueblo\u201d. <\/p>\n\n\n<div class=\"wp-block-image\">\n<figure class=\"aligncenter size-large is-resized\"><img loading=\"lazy\" decoding=\"async\" width=\"1024\" height=\"683\" src=\"https:\/\/elluchador.info\/wp-content\/uploads\/2024\/12\/2-seguridad--1024x683.jpg\" alt=\"\" class=\"wp-image-262143\" style=\"width:501px;height:auto\" srcset=\"https:\/\/elluchador.info\/wp-content\/uploads\/2024\/12\/2-seguridad--1024x683.jpg 1024w, https:\/\/elluchador.info\/wp-content\/uploads\/2024\/12\/2-seguridad--300x200.jpg 300w, https:\/\/elluchador.info\/wp-content\/uploads\/2024\/12\/2-seguridad--768x512.jpg 768w, https:\/\/elluchador.info\/wp-content\/uploads\/2024\/12\/2-seguridad--1536x1024.jpg 1536w, https:\/\/elluchador.info\/wp-content\/uploads\/2024\/12\/2-seguridad--2048x1365.jpg 2048w, https:\/\/elluchador.info\/wp-content\/uploads\/2024\/12\/2-seguridad--150x100.jpg 150w, https:\/\/elluchador.info\/wp-content\/uploads\/2024\/12\/2-seguridad--696x464.jpg 696w, https:\/\/elluchador.info\/wp-content\/uploads\/2024\/12\/2-seguridad--1068x712.jpg 1068w, https:\/\/elluchador.info\/wp-content\/uploads\/2024\/12\/2-seguridad--1920x1280.jpg 1920w\" sizes=\"auto, (max-width: 1024px) 100vw, 1024px\" \/><\/figure>\n<\/div>\n\n\n<p>\u200eEl Gobernador felicit\u00f3 el despliegue de seguridad durante la temporada decembrina. \u201cNuestras fiestas han sido un \u00e9xito, nuestro pueblo ha disfrutado en paz, en alegr\u00eda y en hermandad, premisa del Gobierno Bolivariano, llevar la suprema felicidad posible al pueblo\u201d.<br>\u200e<br>\u200e\u201cNuestro hermano, presidente Nicol\u00e1s Maduro, nos plante\u00f3 la fusi\u00f3n c\u00edvico, militar, policial y popular, nos toc\u00f3 materializar esa idea en la regi\u00f3n, fortaleciendo la seguridad y defensa\u201d.<br>\u200e<br><strong>\u200eArticulaci\u00f3n permanente<\/strong><br>\u200e<br>\u200eEn este sentido, el gobernador \u00c1ngel Marcano inform\u00f3 que los organismos de seguridad est\u00e1n en un proceso de reestructuraci\u00f3n, que incluye a los jefes y jefas de paz comunal, as\u00ed como a los Cuadrantes de Paz.<br>\u200e<br>\u200eMencion\u00f3 que trabajan en la transformaci\u00f3n de las casas de justicia y paz en las comunidades. <\/p>\n\n\n<div class=\"wp-block-image\">\n<figure class=\"aligncenter size-large is-resized\"><img loading=\"lazy\" decoding=\"async\" width=\"1024\" height=\"682\" src=\"https:\/\/elluchador.info\/wp-content\/uploads\/2024\/12\/4-Seguridad--1024x682.jpg\" alt=\"\" class=\"wp-image-262144\" style=\"width:463px;height:auto\" srcset=\"https:\/\/elluchador.info\/wp-content\/uploads\/2024\/12\/4-Seguridad--1024x682.jpg 1024w, https:\/\/elluchador.info\/wp-content\/uploads\/2024\/12\/4-Seguridad--300x200.jpg 300w, https:\/\/elluchador.info\/wp-content\/uploads\/2024\/12\/4-Seguridad--768x512.jpg 768w, https:\/\/elluchador.info\/wp-content\/uploads\/2024\/12\/4-Seguridad--1536x1024.jpg 1536w, https:\/\/elluchador.info\/wp-content\/uploads\/2024\/12\/4-Seguridad--2048x1365.jpg 2048w, https:\/\/elluchador.info\/wp-content\/uploads\/2024\/12\/4-Seguridad--150x100.jpg 150w, https:\/\/elluchador.info\/wp-content\/uploads\/2024\/12\/4-Seguridad--696x464.jpg 696w, https:\/\/elluchador.info\/wp-content\/uploads\/2024\/12\/4-Seguridad--1068x712.jpg 1068w, https:\/\/elluchador.info\/wp-content\/uploads\/2024\/12\/4-Seguridad--1920x1280.jpg 1920w\" sizes=\"auto, (max-width: 1024px) 100vw, 1024px\" \/><\/figure>\n<\/div>\n\n\n<p>Para concluir, el l\u00edder regional, present\u00f3 el balance sobre la reducci\u00f3n del \u00edndice delictivo en Bol\u00edvar, el cual ha bajado en m\u00e1s de 40%, en relaci\u00f3n al a\u00f1o 2023.<br>\u200e<br>\u200e\u00bbHa sido un trabajo articulado, podemos ver a nuestro pueblo celebrando en cada comunidad, esto es posible gracias al trabajo de integraci\u00f3n que nos instruy\u00f3 nuestro hermano, presidente Nicol\u00e1s Maduro\u201d.<br>\u200e<br><strong><em><mark style=\"background-color:rgba(0, 0, 0, 0)\" class=\"has-inline-color has-luminous-vivid-orange-color\">\u200ePrensa Gobernaci\u00f3n de Bol\u00edvar<\/mark><\/em><\/strong><\/p>\n","protected":false},"excerpt":{"rendered":"<p>\u200eDesde el sal\u00f3n Piar del Palacio de Gobierno en Angostura del Orinoco, el gobernador de Bol\u00edvar, \u00c1ngel Marcano, lider\u00f3 un gabinete ampliado de seguridad donde present\u00f3 estrategias para seguir garantizando la paz y tranquilidad de la regi\u00f3n en 2025.\u200e\u200eEl mandatario regional estuvo acompa\u00f1ado de los alcaldes; Sergio Hern\u00e1ndez, Angostura del Orinoco, Vicente Rojas, Sifontes, y [&hellip;]<\/p>\n","protected":false},"author":33,"featured_media":262145,"comment_status":"closed","ping_status":"closed","sticky":false,"template":"","format":"standard","meta":{"footnotes":""},"categories":[5,12],"tags":[185,384],"class_list":{"0":"post-262140","1":"post","2":"type-post","3":"status-publish","4":"format-standard","5":"has-post-thumbnail","7":"category-destacado","8":"category-regionales","9":"tag-bolivar","10":"tag-seguridad"},"_links":{"self":[{"href":"https:\/\/elluchador.info\/index.php?rest_route=\/wp\/v2\/posts\/262140","targetHints":{"allow":["GET"]}}],"collection":[{"href":"https:\/\/elluchador.info\/index.php?rest_route=\/wp\/v2\/posts"}],"about":[{"href":"https:\/\/elluchador.info\/index.php?rest_route=\/wp\/v2\/types\/post"}],"author":[{"embeddable":true,"href":"https:\/\/elluchador.info\/index.php?rest_route=\/wp\/v2\/users\/33"}],"replies":[{"embeddable":true,"href":"https:\/\/elluchador.info\/index.php?rest_route=%2Fwp%2Fv2%2Fcomments&post=262140"}],"version-history":[{"count":1,"href":"https:\/\/elluchador.info\/index.php?rest_route=\/wp\/v2\/posts\/262140\/revisions"}],"predecessor-version":[{"id":262146,"href":"https:\/\/elluchador.info\/index.php?rest_route=\/wp\/v2\/posts\/262140\/revisions\/262146"}],"wp:featuredmedia":[{"embeddable":true,"href":"https:\/\/elluchador.info\/index.php?rest_route=\/wp\/v2\/media\/262145"}],"wp:attachment":[{"href":"https:\/\/elluchador.info\/index.php?rest_route=%2Fwp%2Fv2%2Fmedia&parent=262140"}],"wp:term":[{"taxonomy":"category","embeddable":true,"href":"https:\/\/elluchador.info\/index.php?rest_route=%2Fwp%2Fv2%2Fcategories&post=262140"},{"taxonomy":"post_tag","embeddable":true,"href":"https:\/\/elluchador.info\/index.php?rest_route=%2Fwp%2Fv2%2Ftags&post=262140"}],"curies":[{"name":"wp","href":"https:\/\/api.w.org\/{rel}","templated":true}]}}