{"id":262221,"date":"2024-12-31T14:37:00","date_gmt":"2024-12-31T18:37:00","guid":{"rendered":"https:\/\/elluchador.info\/?p=262221"},"modified":"2024-12-31T14:22:44","modified_gmt":"2024-12-31T18:22:44","slug":"papa-francisco-la-fraternidad-es-la-esperanza-del-mundo","status":"publish","type":"post","link":"https:\/\/elluchador.info\/?p=262221","title":{"rendered":"Papa Francisco: \u00abLa fraternidad es la esperanza del mundo\u00bb"},"content":{"rendered":"\n<p>La \u00faltima misa del a\u00f1o, realizada este martes en la bas\u00edlica de San Pedro del Vaticano, apel\u00f3 a la fraternidad como pilar de la esperanza mundial frente al A\u00f1o Nuevo.<\/p>\n\n\n\n<p>\u00abS\u00ed, la esperanza del mundo est\u00e1 en la fraternidad\u00bb, dijo el papa en las primeras v\u00edsperas de la Solemnidad de Mar\u00eda Sant\u00edsima Madre de Dios, un acto solemne en el que se entona un \u2018Te Deum\u2019 de agradecimiento por la conclusi\u00f3n del a\u00f1o.<\/p>\n\n\n\n<p>\u00ab\u00bfLa esperanza de una humanidad fraterna es s\u00f3lo un eslogan ret\u00f3rico o tiene una base s\u00f3lida sobre la que construir algo estable y duradero?\u00bb, se pregunt\u00f3 el pont\u00edfice.<\/p>\n\n\n\n<p>Seg\u00fan remarc\u00f3 Francisco, \u00abla respuesta la da la Santa Madre de Dios mostr\u00e1ndonos a Jes\u00fas\u00bb.<\/p>\n\n\n\n<p>\u00abLa esperanza de un mundo fraterno no es una ideolog\u00eda, no es un sistema econ\u00f3mico, no es el progreso tecnol\u00f3gico\u00bb, sino que se trata del \u00abhijo encarnado, enviado por el Padre para que todos podamos convertirnos en lo que somos: hijos del Padre que est\u00e1 en los cielos, y por lo tanto, hermanos y hermanas entre nosotros\u00bb, declar\u00f3 el papa.<\/p>\n\n\n\n<p>Con informaci\u00f3n de <strong>agencias.-<\/strong><\/p>\n","protected":false},"excerpt":{"rendered":"<p>La \u00faltima misa del a\u00f1o, realizada este martes en la bas\u00edlica de San Pedro del Vaticano, apel\u00f3 a la fraternidad como pilar de la esperanza mundial frente al A\u00f1o Nuevo. \u00abS\u00ed, la esperanza del mundo est\u00e1 en la fraternidad\u00bb, dijo el papa en las primeras v\u00edsperas de la Solemnidad de Mar\u00eda Sant\u00edsima Madre de Dios, [&hellip;]<\/p>\n","protected":false},"author":38,"featured_media":262222,"comment_status":"closed","ping_status":"closed","sticky":false,"template":"","format":"standard","meta":{"footnotes":""},"categories":[8],"tags":[448],"class_list":{"0":"post-262221","1":"post","2":"type-post","3":"status-publish","4":"format-standard","5":"has-post-thumbnail","7":"category-internacionales","8":"tag-mundo"},"_links":{"self":[{"href":"https:\/\/elluchador.info\/index.php?rest_route=\/wp\/v2\/posts\/262221","targetHints":{"allow":["GET"]}}],"collection":[{"href":"https:\/\/elluchador.info\/index.php?rest_route=\/wp\/v2\/posts"}],"about":[{"href":"https:\/\/elluchador.info\/index.php?rest_route=\/wp\/v2\/types\/post"}],"author":[{"embeddable":true,"href":"https:\/\/elluchador.info\/index.php?rest_route=\/wp\/v2\/users\/38"}],"replies":[{"embeddable":true,"href":"https:\/\/elluchador.info\/index.php?rest_route=%2Fwp%2Fv2%2Fcomments&post=262221"}],"version-history":[{"count":1,"href":"https:\/\/elluchador.info\/index.php?rest_route=\/wp\/v2\/posts\/262221\/revisions"}],"predecessor-version":[{"id":262223,"href":"https:\/\/elluchador.info\/index.php?rest_route=\/wp\/v2\/posts\/262221\/revisions\/262223"}],"wp:featuredmedia":[{"embeddable":true,"href":"https:\/\/elluchador.info\/index.php?rest_route=\/wp\/v2\/media\/262222"}],"wp:attachment":[{"href":"https:\/\/elluchador.info\/index.php?rest_route=%2Fwp%2Fv2%2Fmedia&parent=262221"}],"wp:term":[{"taxonomy":"category","embeddable":true,"href":"https:\/\/elluchador.info\/index.php?rest_route=%2Fwp%2Fv2%2Fcategories&post=262221"},{"taxonomy":"post_tag","embeddable":true,"href":"https:\/\/elluchador.info\/index.php?rest_route=%2Fwp%2Fv2%2Ftags&post=262221"}],"curies":[{"name":"wp","href":"https:\/\/api.w.org\/{rel}","templated":true}]}}