{"id":262264,"date":"2025-01-01T12:35:02","date_gmt":"2025-01-01T16:35:02","guid":{"rendered":"https:\/\/elluchador.info\/?p=262264"},"modified":"2025-01-01T12:35:06","modified_gmt":"2025-01-01T16:35:06","slug":"conozca-los-primeros-venezolanos-nacidos-este-nuevo-ano-2025","status":"publish","type":"post","link":"https:\/\/elluchador.info\/?p=262264","title":{"rendered":"Conozca los primeros venezolanos nacidos este nuevo a\u00f1o 2025"},"content":{"rendered":"\n<p>\u200eDos beb\u00e9s fueron los primeros caraque\u00f1os nacidos este 2025, en la Maternidad Concepci\u00f3n Palacios y la Maternidad Santa Ana, a las 12:00 am. As\u00ed lo dieron a conocer la alcaldesa de Caracas, Carmen Mel\u00e9ndez, y la ministra del Poder Popular para la Salud, Magaly Guti\u00e9rrez, a trav\u00e9s de sus redes sociales.<br>\u200e<br>\u200eEn el estado <em>La Guaira<\/em> tambi\u00e9n alumbraron a la vida una ni\u00f1a y una pareja de hermosos gemelos: los primeros beb\u00e9s del 2025 de la entidad. Abigail Yulieth a las 12:01 a.m. de este 1.\u00b0 de enero de 2025 con un peso de 4,500 gramos y 52 cent\u00edmetros, mientras que un cuarto de hora despu\u00e9s, a las 12:16 y 12:17 a.m., respectivamente, nacieron los gemelos Yonkkeiber y Yosneily, de 2,500 y 2,400 gramos cada uno.<br>\u200e<br>\u200e<em>Carabobo<\/em> recibi\u00f3 por todo lo alto al primer carabobe\u00f1o que lleva por nombre Abel David, del municipio Valencia, quien naci\u00f3 en el Hospital Materno Infantil Dr. Jos\u00e9 Mar\u00eda Vargas (Maternidad del Sur) a las 12:00 a.m.<br>\u200e<br>\u200ePor su parte, <em>Monagas<\/em> recibe al heredero de Juana Ram\u00edrez La Avanzadora, el reci\u00e9n nacido masculino de 3,300kg, 47 cm, a las cinco y media de la ma\u00f1ana.<br>\u200e<br>\u200eCon la llegada del nuevo a\u00f1o, el Hospital Pablo Acosta Ortiz del estado <em>Apure<\/em> se visti\u00f3 de fiesta al recibir a su primer beb\u00e9 en 2025 a las 4:59 a.m.; una emocionada madre dio a luz a una hermosa ni\u00f1a, a la que llamaron Yarianny . La peque\u00f1a pes\u00f3 3.650 kg y midi\u00f3 53 cm, y se convirtie as\u00ed en el primer milagro de este nuevo a\u00f1o de la poblaci\u00f3n apure\u00f1a.<br>\u200e<br>\u200eLa comunidad de <em>Bol\u00edvar<\/em> tambi\u00e9n celebra la llegada del primer bolivarense de este 2025, quien naci\u00f3 a la 12:16 minutos de la medianoche.<br>\u200e<br>\u200eCon informaci\u00f3n <strong><em>AVN<\/em><\/strong><\/p>\n","protected":false},"excerpt":{"rendered":"<p>\u200eDos beb\u00e9s fueron los primeros caraque\u00f1os nacidos este 2025, en la Maternidad Concepci\u00f3n Palacios y la Maternidad Santa Ana, a las 12:00 am. As\u00ed lo dieron a conocer la alcaldesa de Caracas, Carmen Mel\u00e9ndez, y la ministra del Poder Popular para la Salud, Magaly Guti\u00e9rrez, a trav\u00e9s de sus redes sociales.\u200e\u200eEn el estado La Guaira [&hellip;]<\/p>\n","protected":false},"author":33,"featured_media":262265,"comment_status":"closed","ping_status":"closed","sticky":false,"template":"","format":"standard","meta":{"footnotes":""},"categories":[5,9],"tags":[2786,105],"class_list":{"0":"post-262264","1":"post","2":"type-post","3":"status-publish","4":"format-standard","5":"has-post-thumbnail","7":"category-destacado","8":"category-nacionales","9":"tag-nacimientos","10":"tag-venezuela"},"_links":{"self":[{"href":"https:\/\/elluchador.info\/index.php?rest_route=\/wp\/v2\/posts\/262264","targetHints":{"allow":["GET"]}}],"collection":[{"href":"https:\/\/elluchador.info\/index.php?rest_route=\/wp\/v2\/posts"}],"about":[{"href":"https:\/\/elluchador.info\/index.php?rest_route=\/wp\/v2\/types\/post"}],"author":[{"embeddable":true,"href":"https:\/\/elluchador.info\/index.php?rest_route=\/wp\/v2\/users\/33"}],"replies":[{"embeddable":true,"href":"https:\/\/elluchador.info\/index.php?rest_route=%2Fwp%2Fv2%2Fcomments&post=262264"}],"version-history":[{"count":1,"href":"https:\/\/elluchador.info\/index.php?rest_route=\/wp\/v2\/posts\/262264\/revisions"}],"predecessor-version":[{"id":262266,"href":"https:\/\/elluchador.info\/index.php?rest_route=\/wp\/v2\/posts\/262264\/revisions\/262266"}],"wp:featuredmedia":[{"embeddable":true,"href":"https:\/\/elluchador.info\/index.php?rest_route=\/wp\/v2\/media\/262265"}],"wp:attachment":[{"href":"https:\/\/elluchador.info\/index.php?rest_route=%2Fwp%2Fv2%2Fmedia&parent=262264"}],"wp:term":[{"taxonomy":"category","embeddable":true,"href":"https:\/\/elluchador.info\/index.php?rest_route=%2Fwp%2Fv2%2Fcategories&post=262264"},{"taxonomy":"post_tag","embeddable":true,"href":"https:\/\/elluchador.info\/index.php?rest_route=%2Fwp%2Fv2%2Ftags&post=262264"}],"curies":[{"name":"wp","href":"https:\/\/api.w.org\/{rel}","templated":true}]}}