{"id":262448,"date":"2025-01-02T19:20:49","date_gmt":"2025-01-02T23:20:49","guid":{"rendered":"https:\/\/elluchador.info\/?p=262448"},"modified":"2025-01-02T19:20:53","modified_gmt":"2025-01-02T23:20:53","slug":"camilo-y-evaluna-montaner-se-casaran-por-segunda-vez","status":"publish","type":"post","link":"https:\/\/elluchador.info\/?p=262448","title":{"rendered":"Camilo y Evaluna Montaner se casar\u00e1n por segunda vez"},"content":{"rendered":"\n<p><strong>El colombiano Camilo Echeverry y la venezolana Evaluna Montaner&nbsp;<\/strong>conmovieron a sus seguidores tras compartir un nuevo video en su canal de<strong>&nbsp;YouTube titulado \u201c\u00a1Nos vamos a casar otra vez!\u201d.<\/strong><\/p>\n\n\n\n<p>La noticia fue compartida por la pareja en la cena de&nbsp;<strong>Navidad,&nbsp;<\/strong>donde manifestaron que este nuevo matrimonio ser\u00e1 para festejar&nbsp;su quinto aniversario de boda, puesto que se inspiraron en&nbsp;<strong>Ricardo Montaner y Marlene Rodriguez,<\/strong>&nbsp;quienes han renovado sus votos en varias oportunidades durante sus 35 a\u00f1os juntos.<\/p>\n\n\n\n<p>\u201cEvaluna y yo, copi\u00e1ndonos de sus pap\u00e1s, porque ellos lo hacen desde hace muchos a\u00f1os, tenemos la idea de renovar nuestros votos cada cinco a\u00f1os\u201d, dijo&nbsp;<strong>Camilo Echeverry.<\/strong><\/p>\n\n\n\n<p>Adem\u00e1s, la pareja expres\u00f3 en el material audiovisual que la festividad se llevar\u00e1 a cabo en&nbsp;<strong>Guatemala<\/strong>&nbsp;antes de que<strong>&nbsp;Camilo<\/strong>&nbsp;inicie una nueva gira po<strong>r Latinoam\u00e9rica.<\/strong><\/p>\n\n\n\n<p>\u201cEvaluna, \u00bfte quieres casar conmigo?, en febrero, \u00bfen Guatemala?, le pregunt\u00f3<strong>&nbsp;Echeverry a Evaluna,<\/strong>&nbsp;a lo que la criolla respondi\u00f3 que, \u201c\u00a1S\u00ed!\u201d, mientras cargaba a su segunda hija, Amaranto.<\/p>\n\n\n\n<figure class=\"wp-block-embed is-type-video is-provider-youtube wp-block-embed-youtube wp-embed-aspect-16-9 wp-has-aspect-ratio\"><div class=\"wp-block-embed__wrapper\">\n<iframe loading=\"lazy\" title=\"Nos vamos a casar otra vez\" width=\"696\" height=\"392\" src=\"https:\/\/www.youtube.com\/embed\/klAbqktOShs?feature=oembed\" frameborder=\"0\" allow=\"accelerometer; autoplay; clipboard-write; encrypted-media; gyroscope; picture-in-picture; web-share\" referrerpolicy=\"strict-origin-when-cross-origin\" allowfullscreen><\/iframe>\n<\/div><\/figure>\n\n\n\n<p><strong>Datos de su relaci\u00f3n<\/strong><\/p>\n\n\n\n<p>Los cantantes contrajeron matrimonio el 8 de febrero de 2020. El 13 de octubre de 2021 se hizo p\u00fablico su primer embarazo. El 6 de abril de 2022, naci\u00f3 su primog\u00e9nita<strong>&nbsp;\u00cdndigo.<\/strong>&nbsp;Posteriormente, el 1 de agosto de 2024 revelaron que su segunda hija,&nbsp;<strong>Amaranto,<\/strong>&nbsp;naci\u00f3.<\/p>\n\n\n\n<p><strong><em>Con informaci\u00f3n de Ronda.<\/em><\/strong><\/p>\n","protected":false},"excerpt":{"rendered":"<p>El colombiano Camilo Echeverry y la venezolana Evaluna Montaner&nbsp;conmovieron a sus seguidores tras compartir un nuevo video en su canal de&nbsp;YouTube titulado \u201c\u00a1Nos vamos a casar otra vez!\u201d. La noticia fue compartida por la pareja en la cena de&nbsp;Navidad,&nbsp;donde manifestaron que este nuevo matrimonio ser\u00e1 para festejar&nbsp;su quinto aniversario de boda, puesto que se inspiraron [&hellip;]<\/p>\n","protected":false},"author":2,"featured_media":262450,"comment_status":"closed","ping_status":"closed","sticky":false,"template":"","format":"standard","meta":{"footnotes":""},"categories":[7],"tags":[],"class_list":{"0":"post-262448","1":"post","2":"type-post","3":"status-publish","4":"format-standard","5":"has-post-thumbnail","7":"category-entretenimiento"},"_links":{"self":[{"href":"https:\/\/elluchador.info\/index.php?rest_route=\/wp\/v2\/posts\/262448","targetHints":{"allow":["GET"]}}],"collection":[{"href":"https:\/\/elluchador.info\/index.php?rest_route=\/wp\/v2\/posts"}],"about":[{"href":"https:\/\/elluchador.info\/index.php?rest_route=\/wp\/v2\/types\/post"}],"author":[{"embeddable":true,"href":"https:\/\/elluchador.info\/index.php?rest_route=\/wp\/v2\/users\/2"}],"replies":[{"embeddable":true,"href":"https:\/\/elluchador.info\/index.php?rest_route=%2Fwp%2Fv2%2Fcomments&post=262448"}],"version-history":[{"count":1,"href":"https:\/\/elluchador.info\/index.php?rest_route=\/wp\/v2\/posts\/262448\/revisions"}],"predecessor-version":[{"id":262451,"href":"https:\/\/elluchador.info\/index.php?rest_route=\/wp\/v2\/posts\/262448\/revisions\/262451"}],"wp:featuredmedia":[{"embeddable":true,"href":"https:\/\/elluchador.info\/index.php?rest_route=\/wp\/v2\/media\/262450"}],"wp:attachment":[{"href":"https:\/\/elluchador.info\/index.php?rest_route=%2Fwp%2Fv2%2Fmedia&parent=262448"}],"wp:term":[{"taxonomy":"category","embeddable":true,"href":"https:\/\/elluchador.info\/index.php?rest_route=%2Fwp%2Fv2%2Fcategories&post=262448"},{"taxonomy":"post_tag","embeddable":true,"href":"https:\/\/elluchador.info\/index.php?rest_route=%2Fwp%2Fv2%2Ftags&post=262448"}],"curies":[{"name":"wp","href":"https:\/\/api.w.org\/{rel}","templated":true}]}}