{"id":262748,"date":"2025-01-05T12:38:31","date_gmt":"2025-01-05T16:38:31","guid":{"rendered":"https:\/\/elluchador.info\/?p=262748"},"modified":"2025-01-05T22:17:16","modified_gmt":"2025-01-06T02:17:16","slug":"asamblea-nacional-ratifica-junta-directiva-liderada-por-jorge-rodriguez-para-el-periodo-2025-2026","status":"publish","type":"post","link":"https:\/\/elluchador.info\/?p=262748","title":{"rendered":"AN ratifica junta directiva liderada por Jorge Rodr\u00edguez para el periodo\u00a02025-2026"},"content":{"rendered":"\n<p>La Asamblea Nacional de Venezuela (AN)\u00a0di\u00f3 inico este domingo a su per\u00edodo de sesiones ordinarias correspondiente al a\u00f1o 2025, tal y como lo establece la Constituci\u00f3n del pa\u00eds. La apertura, que marca el comienzo de un nuevo ciclo legislativo, se realiza sin convocatoria previa y se extiende hasta el 15 de agosto, seg\u00fan lo dispuesto en la Carta Magna.<\/p>\n\n\n\n<p>Antes de iniciar formalmente los debates legislativos, la directiva del Parlamento venezolano&nbsp;<strong>rindi\u00f3 homenaje al libertador Sim\u00f3n Bol\u00edvar<\/strong>&nbsp;\u2014\u00bbPadre de la Patria\u00bb\u2014 con una ofrenda floral en la plaza Bol\u00edvar de Caracas, ubicada cerca del Palacio Federal Legislativo. El acto simb\u00f3lico resalta el compromiso de la AN con los valores y la memoria hist\u00f3rica del pa\u00eds.<\/p>\n\n\n\n<p>Durante su primera sesi\u00f3n, dedicada a la elecci\u00f3n de la nueva junta directiva, los diputados han ratificado a Jorge Rodr\u00edguez como presidente de la Asamblea Nacional, as\u00ed como a el Diputado Pedro Infante, como Primer Vicepresidente de la AN, y a la Diputada Am\u00e9rica P\u00e9rez, como Segunda Vicepresidente de la AN.<\/p>\n\n\n\n<p>Asimismo, el referido acto Mar\u00eda Alejandra Hern\u00e1ndez y Jos\u00e9 Omar Molina fueron elegidos, por la mayor\u00eda de los diputados, para ocupar la secretar\u00eda y subsecretar\u00eda del Poder Legislativo.<\/p>\n\n\n\n<p>Luego de la elecci\u00f3n el diputado Jorge Rodr\u00edguez presto juramento, en el que destac\u00f3 su gran compromiso en la defensa de la paz, el futuro del pa\u00eds, y porque la palabra se imponga siempre frente a la violencia. Este proceso formaliza el inicio del periodo legislativo y da paso a las actividades parlamentarias en los meses siguientes.<\/p>\n\n\n\n<p>Con la instalaci\u00f3n formal de la Asamblea Nacional, Venezuela comienza un nuevo cap\u00edtulo en su labor legislativa, con la expectativa de que se sigan desarrollando los debates y decisiones que impacten el futuro del pa\u00eds.<\/p>\n\n\n\n<p><strong><em>Con informaci\u00f3n de medios.<\/em><\/strong><\/p>\n","protected":false},"excerpt":{"rendered":"<p>La Asamblea Nacional de Venezuela (AN)\u00a0di\u00f3 inico este domingo a su per\u00edodo de sesiones ordinarias correspondiente al a\u00f1o 2025, tal y como lo establece la Constituci\u00f3n del pa\u00eds. La apertura, que marca el comienzo de un nuevo ciclo legislativo, se realiza sin convocatoria previa y se extiende hasta el 15 de agosto, seg\u00fan lo dispuesto [&hellip;]<\/p>\n","protected":false},"author":2,"featured_media":262749,"comment_status":"closed","ping_status":"closed","sticky":false,"template":"","format":"standard","meta":{"footnotes":""},"categories":[5,9],"tags":[],"class_list":{"0":"post-262748","1":"post","2":"type-post","3":"status-publish","4":"format-standard","5":"has-post-thumbnail","7":"category-destacado","8":"category-nacionales"},"_links":{"self":[{"href":"https:\/\/elluchador.info\/index.php?rest_route=\/wp\/v2\/posts\/262748","targetHints":{"allow":["GET"]}}],"collection":[{"href":"https:\/\/elluchador.info\/index.php?rest_route=\/wp\/v2\/posts"}],"about":[{"href":"https:\/\/elluchador.info\/index.php?rest_route=\/wp\/v2\/types\/post"}],"author":[{"embeddable":true,"href":"https:\/\/elluchador.info\/index.php?rest_route=\/wp\/v2\/users\/2"}],"replies":[{"embeddable":true,"href":"https:\/\/elluchador.info\/index.php?rest_route=%2Fwp%2Fv2%2Fcomments&post=262748"}],"version-history":[{"count":3,"href":"https:\/\/elluchador.info\/index.php?rest_route=\/wp\/v2\/posts\/262748\/revisions"}],"predecessor-version":[{"id":262810,"href":"https:\/\/elluchador.info\/index.php?rest_route=\/wp\/v2\/posts\/262748\/revisions\/262810"}],"wp:featuredmedia":[{"embeddable":true,"href":"https:\/\/elluchador.info\/index.php?rest_route=\/wp\/v2\/media\/262749"}],"wp:attachment":[{"href":"https:\/\/elluchador.info\/index.php?rest_route=%2Fwp%2Fv2%2Fmedia&parent=262748"}],"wp:term":[{"taxonomy":"category","embeddable":true,"href":"https:\/\/elluchador.info\/index.php?rest_route=%2Fwp%2Fv2%2Fcategories&post=262748"},{"taxonomy":"post_tag","embeddable":true,"href":"https:\/\/elluchador.info\/index.php?rest_route=%2Fwp%2Fv2%2Ftags&post=262748"}],"curies":[{"name":"wp","href":"https:\/\/api.w.org\/{rel}","templated":true}]}}