{"id":262752,"date":"2025-01-05T14:13:31","date_gmt":"2025-01-05T18:13:31","guid":{"rendered":"https:\/\/elluchador.info\/?p=262752"},"modified":"2025-01-05T14:13:35","modified_gmt":"2025-01-05T18:13:35","slug":"conozca-como-quedo-el-salario-minimo-para-cada-pais-de-america-latina-este-2025","status":"publish","type":"post","link":"https:\/\/elluchador.info\/?p=262752","title":{"rendered":"Conozca c\u00f3mo qued\u00f3 el salario m\u00ednimo para cada pa\u00eds de Am\u00e9rica Latina este 2025"},"content":{"rendered":"\n<p>El salario m\u00ednimo es una de las cifras que m\u00e1s aquejan a la poblaci\u00f3n, sobre todo en Latinoam\u00e9rica. El comienzo de 2025 marca la vigencia de los respectivos aumentos y hay algunos pa\u00edses que la pasaron mejor que otros.<\/p>\n\n\n\n<p><strong>El pa\u00eds que m\u00e1s subi\u00f3 el salario m\u00ednimo para sus habitantes fue M\u00e9xico. El Gobierno liderado por la presidente Claudia Sheinbaum aument\u00f3 12%<\/strong>&nbsp;la cifra para 2025, lo que cerr\u00f3 el incremento hasta los US$416,6.<\/p>\n\n\n\n<p><strong>Los habitantes peruanos ser\u00e1n los que ver\u00e1n el segundo aumento m\u00e1s pronunciado de la regi\u00f3n<\/strong>. Este fue de 10,24% que sirvi\u00f3 para alcanzar los US$301,7 y consolidar a Per\u00fa como el pa\u00eds que m\u00e1s subi\u00f3 este rubro en Am\u00e9rica del Sur.<\/p>\n\n\n\n<p>Guatemala tiene la peculiaridad de que hay diferentes tipos de salarios m\u00ednimos, sin embargo, partiendo de la cifra inicial se vio un&nbsp;aumento&nbsp;de 10% llegando hasta los US$466,5. Pese a que el incremento de este rubro en<strong>&nbsp;Nicaragua fue de 10,1%, la cifra total es mucho menor para los trabajadores, alcanzando los US$155,6.<\/strong><\/p>\n\n\n\n<figure class=\"wp-block-image\"><img decoding=\"async\" src=\"https:\/\/img.lalr.co\/cms\/2025\/01\/03075555\/web_globo_minimo-latinoamerica.jpg?\" alt=\"\"\/><\/figure>\n\n\n\n<p>En el quinto lugar aparece<strong>&nbsp;Colombia, quien despu\u00e9s de un largo debate entre gremios obreros y empresarios se consolid\u00f3 un aumento del salario m\u00ednimo de 9,54%.<\/strong>&nbsp;Esto consolid\u00f3 una cifra total de US$323,3 que aplicar\u00e1 para 17% de los trabajadores del pa\u00eds.ART\u00cdCULO RELACIONADO<\/p>\n\n\n\n<p>Gabriel Boric consolid\u00f3 el sexto aumento m\u00e1s grande de Am\u00e9rica Latina. Este detalle es peculiar, pues,&nbsp;<strong>aunque el porcentaje fue de 8,7%, el salario m\u00ednimo que se ver\u00e1 en 2025 para Chile supera en US$181 a la cifra de Colombia<\/strong>.&nbsp;El monto de este pa\u00eds ser\u00e1 de US$504.<\/p>\n\n\n\n<p><strong>Es digno de destacar la labor que se ha hecho en pa\u00edses como Uruguay o Costa Rica si se compara con el resto de la regi\u00f3n<\/strong>. El Gobierno de Yamand\u00fa Orsi, quien fue electo por el 49,8% de los votos uruguayos comenzar\u00e1 el 2025 sin aumentos en el salario m\u00ednimo. Sin embargo, la cifra que ganan los trabajadores en este pa\u00eds es la segunda m\u00e1s alta del ranking con US$505,4.<\/p>\n\n\n\n<p>Para el caso de los costarricenses, el incremento del&nbsp;salario m\u00ednimo&nbsp;fue de 2,37%. Ahora bien, independiente de esto,&nbsp;<strong>Costa Rica es, por diferencia, el pa\u00eds que tiene el valor m\u00e1s alto de Am\u00e9rica Latina con US$725,6.<\/strong><\/p>\n\n\n\n<p>En contraste, la situaci\u00f3n que viven lugares como Venezuela parece no cambiar para los trabajadores ni el contexto socioecon\u00f3mico en general.\u00a0<strong>El pa\u00eds gobernado por Nicol\u00e1s Maduro no vio ning\u00fan incremento en el salario m\u00ednimo y contin\u00faa teniendo el monto m\u00e1s bajo del continente y el mundo: US$2,51.<\/strong><\/p>\n\n\n\n<p><strong><em>Con informaci\u00f3n de La Republica.<\/em><\/strong><\/p>\n\n\n\n<p><\/p>\n\n\n\n<p><\/p>\n\n\n\n<p><\/p>\n\n\n\n<p><\/p>\n\n\n\n<p><\/p>\n\n\n\n<p><\/p>\n\n\n\n<p><\/p>\n\n\n\n<p><\/p>\n\n\n\n<p><\/p>\n\n\n\n<p><\/p>\n\n\n\n<p><\/p>\n\n\n\n<p><\/p>\n\n\n\n<p><\/p>\n\n\n\n<p><\/p>\n\n\n\n<p><\/p>\n\n\n\n<p><\/p>\n\n\n\n<p><\/p>\n\n\n\n<p><\/p>\n\n\n\n<p><\/p>\n\n\n\n<p><\/p>\n\n\n\n<p><\/p>\n\n\n\n<p><\/p>\n\n\n\n<p><\/p>\n\n\n\n<p> <\/p>\n","protected":false},"excerpt":{"rendered":"<p>El salario m\u00ednimo es una de las cifras que m\u00e1s aquejan a la poblaci\u00f3n, sobre todo en Latinoam\u00e9rica. El comienzo de 2025 marca la vigencia de los respectivos aumentos y hay algunos pa\u00edses que la pasaron mejor que otros. El pa\u00eds que m\u00e1s subi\u00f3 el salario m\u00ednimo para sus habitantes fue M\u00e9xico. El Gobierno liderado [&hellip;]<\/p>\n","protected":false},"author":2,"featured_media":262753,"comment_status":"closed","ping_status":"closed","sticky":false,"template":"","format":"standard","meta":{"footnotes":""},"categories":[6],"tags":[],"class_list":{"0":"post-262752","1":"post","2":"type-post","3":"status-publish","4":"format-standard","5":"has-post-thumbnail","7":"category-economia"},"_links":{"self":[{"href":"https:\/\/elluchador.info\/index.php?rest_route=\/wp\/v2\/posts\/262752","targetHints":{"allow":["GET"]}}],"collection":[{"href":"https:\/\/elluchador.info\/index.php?rest_route=\/wp\/v2\/posts"}],"about":[{"href":"https:\/\/elluchador.info\/index.php?rest_route=\/wp\/v2\/types\/post"}],"author":[{"embeddable":true,"href":"https:\/\/elluchador.info\/index.php?rest_route=\/wp\/v2\/users\/2"}],"replies":[{"embeddable":true,"href":"https:\/\/elluchador.info\/index.php?rest_route=%2Fwp%2Fv2%2Fcomments&post=262752"}],"version-history":[{"count":1,"href":"https:\/\/elluchador.info\/index.php?rest_route=\/wp\/v2\/posts\/262752\/revisions"}],"predecessor-version":[{"id":262754,"href":"https:\/\/elluchador.info\/index.php?rest_route=\/wp\/v2\/posts\/262752\/revisions\/262754"}],"wp:featuredmedia":[{"embeddable":true,"href":"https:\/\/elluchador.info\/index.php?rest_route=\/wp\/v2\/media\/262753"}],"wp:attachment":[{"href":"https:\/\/elluchador.info\/index.php?rest_route=%2Fwp%2Fv2%2Fmedia&parent=262752"}],"wp:term":[{"taxonomy":"category","embeddable":true,"href":"https:\/\/elluchador.info\/index.php?rest_route=%2Fwp%2Fv2%2Fcategories&post=262752"},{"taxonomy":"post_tag","embeddable":true,"href":"https:\/\/elluchador.info\/index.php?rest_route=%2Fwp%2Fv2%2Ftags&post=262752"}],"curies":[{"name":"wp","href":"https:\/\/api.w.org\/{rel}","templated":true}]}}