{"id":262755,"date":"2025-01-05T14:20:38","date_gmt":"2025-01-05T18:20:38","guid":{"rendered":"https:\/\/elluchador.info\/?p=262755"},"modified":"2025-01-05T14:20:42","modified_gmt":"2025-01-05T18:20:42","slug":"fuerte-resguardo-militar-y-policial-en-sede-del-gobierno-de-ecuador-durante-el-inicio-de-la-campana-electoral","status":"publish","type":"post","link":"https:\/\/elluchador.info\/?p=262755","title":{"rendered":"Fuerte resguardo militar y policial en sede del Gobierno de Ecuador durante el inicio de la campa\u00f1a electoral"},"content":{"rendered":"\n<p>El Palacio de Carondelet, sede del Gobierno de Ecuador, se encuentra hoy fuertemente resguardado por polic\u00edas y militares, aunque simpatizantes del presidente Daniel Noboa se acercan para un acto de apoyo al mandatario.<\/p>\n\n\n\n<p>Durante la ma\u00f1ana se report\u00f3 un aumento de la presencia de vallas y uniformados que impiden el acceso a la Plaza Grande, aunque seguidores de Noboa s\u00ed se encuentran en ese espacio p\u00fablico ubicado frente a la sede del Ejecutivo.<\/p>\n\n\n\n<p>Este domingo inici\u00f3 oficialmente la campa\u00f1a electoral en esta naci\u00f3n sudamericana rumbo a los comicios del 9 de febrero, en los cuales Noboa, del movimiento Acci\u00f3n Democr\u00e1tica Nacional (ADN) es uno de los 16 aspirantes a la jefatura del Ejecutivo para el periodo 2025-2029.<\/p>\n\n\n\n<p>Sin embargo, hasta el momento, el gobernante no ha dicho si pedir\u00e1 licencia, como prev\u00e9 la ley, para participar en las actividades proselitistas.<\/p>\n\n\n\n<p>Desde el Ejecutivo alegan que para el gobernante no es obligatoria la licencia porque no opta por la reelecci\u00f3n, ya que lleg\u00f3 al poder para completar el mandato del expresidente Guillermo Lasso, que activ\u00f3 la muerte cruzada en 2023.<\/p>\n\n\n\n<p>La Polic\u00eda Nacional se sum\u00f3 a un pronunciamiento de las Fuerzas Armadas de acatar \u00fanicamente las disposiciones de Noboa, luego de que la vicepresidenta, Ver\u00f3nica Abad, anunciara que asumir\u00eda el poder este domingo cuando el mandatario pidiera licencia para la campa\u00f1a.<\/p>\n\n\n\n<p>Abad fue designada como consejera temporal en T\u00fcrkiye, a donde deb\u00eda ir antes del 27 de diciembre, pero como no viaj\u00f3 y se acogi\u00f3 a vacaciones, el Ejecutivo consider\u00f3 que incurri\u00f3 en una \u201causencia temporal\u201d y nombr\u00f3 a la secretaria de Planificaci\u00f3n, Sariha Moya, como vicepresidenta encargada.<\/p>\n\n\n\n<p>Ante el reemplazo, Abad present\u00f3 ante la Corte Constitucional una acci\u00f3n de incumplimiento, aunque no ha habido respuesta a su demanda.<\/p>\n\n\n\n<p>Luego, este s\u00e1bado, Noboa design\u00f3 a Cynthia Gellibert, como vicepresidenta temporal, en reemplazo de Moya, quien dej\u00f3 el cargo por problemas de salud.<\/p>\n\n\n\n<p>El exmandatario Rafael Correa alert\u00f3 sobre la posibilidad de un golpe de Estado si el actual gobernante decide no solicitar la licencia para participar en actividades proselitistas, como establece la normativa electoral.<\/p>\n\n\n\n<p>A su vez, juristas ecuatorianos advierten que, si Noboa no toma la licencia obligatoria, podr\u00eda enfrentarse a un juicio pol\u00edtico y a la posible destituci\u00f3n, ya que estar\u00eda incumpliendo el art\u00edculo 93 del C\u00f3digo de la Democracia.<\/p>\n\n\n\n<p><strong><em>Con informaci\u00f3n de El Universal<\/em><\/strong><\/p>\n","protected":false},"excerpt":{"rendered":"<p>El Palacio de Carondelet, sede del Gobierno de Ecuador, se encuentra hoy fuertemente resguardado por polic\u00edas y militares, aunque simpatizantes del presidente Daniel Noboa se acercan para un acto de apoyo al mandatario. Durante la ma\u00f1ana se report\u00f3 un aumento de la presencia de vallas y uniformados que impiden el acceso a la Plaza Grande, [&hellip;]<\/p>\n","protected":false},"author":2,"featured_media":262756,"comment_status":"closed","ping_status":"closed","sticky":false,"template":"","format":"standard","meta":{"footnotes":""},"categories":[8],"tags":[],"class_list":{"0":"post-262755","1":"post","2":"type-post","3":"status-publish","4":"format-standard","5":"has-post-thumbnail","7":"category-internacionales"},"_links":{"self":[{"href":"https:\/\/elluchador.info\/index.php?rest_route=\/wp\/v2\/posts\/262755","targetHints":{"allow":["GET"]}}],"collection":[{"href":"https:\/\/elluchador.info\/index.php?rest_route=\/wp\/v2\/posts"}],"about":[{"href":"https:\/\/elluchador.info\/index.php?rest_route=\/wp\/v2\/types\/post"}],"author":[{"embeddable":true,"href":"https:\/\/elluchador.info\/index.php?rest_route=\/wp\/v2\/users\/2"}],"replies":[{"embeddable":true,"href":"https:\/\/elluchador.info\/index.php?rest_route=%2Fwp%2Fv2%2Fcomments&post=262755"}],"version-history":[{"count":1,"href":"https:\/\/elluchador.info\/index.php?rest_route=\/wp\/v2\/posts\/262755\/revisions"}],"predecessor-version":[{"id":262757,"href":"https:\/\/elluchador.info\/index.php?rest_route=\/wp\/v2\/posts\/262755\/revisions\/262757"}],"wp:featuredmedia":[{"embeddable":true,"href":"https:\/\/elluchador.info\/index.php?rest_route=\/wp\/v2\/media\/262756"}],"wp:attachment":[{"href":"https:\/\/elluchador.info\/index.php?rest_route=%2Fwp%2Fv2%2Fmedia&parent=262755"}],"wp:term":[{"taxonomy":"category","embeddable":true,"href":"https:\/\/elluchador.info\/index.php?rest_route=%2Fwp%2Fv2%2Fcategories&post=262755"},{"taxonomy":"post_tag","embeddable":true,"href":"https:\/\/elluchador.info\/index.php?rest_route=%2Fwp%2Fv2%2Ftags&post=262755"}],"curies":[{"name":"wp","href":"https:\/\/api.w.org\/{rel}","templated":true}]}}