{"id":262758,"date":"2025-01-05T14:44:53","date_gmt":"2025-01-05T18:44:53","guid":{"rendered":"https:\/\/elluchador.info\/?p=262758"},"modified":"2025-01-05T14:44:57","modified_gmt":"2025-01-05T18:44:57","slug":"nevada-en-el-pico-espejo-de-merida-deslumbro-a-turistas-y-locales-este-5-de-enero","status":"publish","type":"post","link":"https:\/\/elluchador.info\/?p=262758","title":{"rendered":"Nevada en el Pico Espejo de M\u00e9rida deslumbr\u00f3 a turistas y locales este 5 de enero"},"content":{"rendered":"\n<p>Este domingo 5 de enero de 2025, la\u00a0<strong>Sierra Nevada de M\u00e9rida<\/strong>\u00a0brind\u00f3 un espect\u00e1culo invernal impresionante, con la\u00a0<strong>primera nevada del a\u00f1o<\/strong>\u00a0en la emblem\u00e1tica estaci\u00f3n\u00a0<strong>Pico Espejo<\/strong>. El manto blanco cubri\u00f3 por completo la cima de este majestuoso pico, situado a 4.765 metros sobre el nivel del mar, convirtiendo el paisaje andino en un aut\u00e9ntico para\u00edso de nieve que ha cautivado tanto a residentes como a turistas.<\/p>\n\n\n\n<p>A trav\u00e9s de sus redes sociales, el&nbsp;<strong>Sistema Telef\u00e9rico Mukumbar\u00ed<\/strong>, que conecta a los visitantes con la estaci\u00f3n Pico Espejo, comparti\u00f3 un video y varias im\u00e1genes de esta impresionante nevada. Las publicaciones r\u00e1pidamente se viralizaron, sorprendiendo y emocionando a todos los seguidores. En las im\u00e1genes, se puede apreciar c\u00f3mo el&nbsp;<strong>Pico Espejo<\/strong>, uno de los destinos tur\u00edsticos m\u00e1s visitados en M\u00e9rida, se transform\u00f3 en un paisaje de ensue\u00f1o, en un contraste espectacular con el tradicional entorno monta\u00f1oso.<\/p>\n\n\n\n<figure class=\"wp-block-embed is-type-rich is-provider-twitter wp-block-embed-twitter\"><div class=\"wp-block-embed__wrapper\">\n<blockquote class=\"twitter-tweet\" data-width=\"550\" data-dnt=\"true\"><p lang=\"es\" dir=\"ltr\">Hoy , <a href=\"https:\/\/twitter.com\/hashtag\/5Ene?src=hash&amp;ref_src=twsrc%5Etfw\">#5Ene<\/a> cay\u00f3 la primera nevada del a\u00f1o en las monta\u00f1as del parque nacional  Sierra Nevada. <br><br>Estaci\u00f3n Pico Espejo. M\u00e9rida Venezuela . <br><br>Estos d\u00edas ha hecho un se\u00f1or  pacheco en M\u00e9rida. <br><br>Video <a href=\"https:\/\/twitter.com\/Mukumbari?ref_src=twsrc%5Etfw\">@mukumbari<\/a> <a href=\"https:\/\/t.co\/AYl6GkHMIp\">pic.twitter.com\/AYl6GkHMIp<\/a><\/p>&mdash; Jade Delgado Huggins (@jadesdelgado) <a href=\"https:\/\/twitter.com\/jadesdelgado\/status\/1875928952071692337?ref_src=twsrc%5Etfw\">January 5, 2025<\/a><\/blockquote><script async src=\"https:\/\/platform.twitter.com\/widgets.js\" charset=\"utf-8\"><\/script>\n<\/div><\/figure>\n\n\n\n<h2 class=\"wp-block-heading\">Un fen\u00f3meno natural que sorprende cada temporada<\/h2>\n\n\n\n<p>La&nbsp;<strong>temporada de nevadas<\/strong>&nbsp;en M\u00e9rida, conocida por su belleza y por ser un atractivo tur\u00edstico \u00fanico, alcanza su punto m\u00e1ximo durante los primeros meses del a\u00f1o, particularmente entre&nbsp;<strong>enero y febrero<\/strong>. Aunque las nevadas son m\u00e1s comunes entre&nbsp;<strong>agosto y septiembre<\/strong>, la temporada invernal del a\u00f1o pasado comenz\u00f3 a finales de&nbsp;<strong>junio<\/strong>&nbsp;y ha mantenido su intensidad durante todo el periodo.<\/p>\n\n\n\n<p>La nieve en M\u00e9rida no solo ha sido un fen\u00f3meno impresionante para los amantes de la naturaleza, sino que tambi\u00e9n ha generado un impacto positivo en el&nbsp;<strong>turismo<\/strong>&nbsp;local. La temporada atrae a miles de turistas nacionales e internacionales que buscan disfrutar de actividades al aire libre, como caminatas por el p\u00e1ramo, paseos en telef\u00e9rico y la experiencia de vivir en un paisaje cubierto de nieve. Adem\u00e1s, la&nbsp;<strong>Estaci\u00f3n Pico Espejo<\/strong>, la m\u00e1s alta del&nbsp;<strong>Sistema Telef\u00e9rico Mukumbar\u00ed<\/strong>, se ha consolidado como uno de los destinos m\u00e1s populares para los turistas que visitan la ciudad.<\/p>\n\n\n\n<p><strong><em>Con informaci\u00f3n de medios.<\/em><\/strong><\/p>\n","protected":false},"excerpt":{"rendered":"<p>Este domingo 5 de enero de 2025, la\u00a0Sierra Nevada de M\u00e9rida\u00a0brind\u00f3 un espect\u00e1culo invernal impresionante, con la\u00a0primera nevada del a\u00f1o\u00a0en la emblem\u00e1tica estaci\u00f3n\u00a0Pico Espejo. El manto blanco cubri\u00f3 por completo la cima de este majestuoso pico, situado a 4.765 metros sobre el nivel del mar, convirtiendo el paisaje andino en un aut\u00e9ntico para\u00edso de nieve [&hellip;]<\/p>\n","protected":false},"author":2,"featured_media":262759,"comment_status":"closed","ping_status":"closed","sticky":false,"template":"","format":"standard","meta":{"footnotes":""},"categories":[9],"tags":[],"class_list":{"0":"post-262758","1":"post","2":"type-post","3":"status-publish","4":"format-standard","5":"has-post-thumbnail","7":"category-nacionales"},"_links":{"self":[{"href":"https:\/\/elluchador.info\/index.php?rest_route=\/wp\/v2\/posts\/262758","targetHints":{"allow":["GET"]}}],"collection":[{"href":"https:\/\/elluchador.info\/index.php?rest_route=\/wp\/v2\/posts"}],"about":[{"href":"https:\/\/elluchador.info\/index.php?rest_route=\/wp\/v2\/types\/post"}],"author":[{"embeddable":true,"href":"https:\/\/elluchador.info\/index.php?rest_route=\/wp\/v2\/users\/2"}],"replies":[{"embeddable":true,"href":"https:\/\/elluchador.info\/index.php?rest_route=%2Fwp%2Fv2%2Fcomments&post=262758"}],"version-history":[{"count":1,"href":"https:\/\/elluchador.info\/index.php?rest_route=\/wp\/v2\/posts\/262758\/revisions"}],"predecessor-version":[{"id":262760,"href":"https:\/\/elluchador.info\/index.php?rest_route=\/wp\/v2\/posts\/262758\/revisions\/262760"}],"wp:featuredmedia":[{"embeddable":true,"href":"https:\/\/elluchador.info\/index.php?rest_route=\/wp\/v2\/media\/262759"}],"wp:attachment":[{"href":"https:\/\/elluchador.info\/index.php?rest_route=%2Fwp%2Fv2%2Fmedia&parent=262758"}],"wp:term":[{"taxonomy":"category","embeddable":true,"href":"https:\/\/elluchador.info\/index.php?rest_route=%2Fwp%2Fv2%2Fcategories&post=262758"},{"taxonomy":"post_tag","embeddable":true,"href":"https:\/\/elluchador.info\/index.php?rest_route=%2Fwp%2Fv2%2Ftags&post=262758"}],"curies":[{"name":"wp","href":"https:\/\/api.w.org\/{rel}","templated":true}]}}