{"id":262879,"date":"2025-01-06T16:05:04","date_gmt":"2025-01-06T20:05:04","guid":{"rendered":"https:\/\/elluchador.info\/?p=262879"},"modified":"2025-01-06T16:05:08","modified_gmt":"2025-01-06T20:05:08","slug":"venezuela-rompe-relaciones-con-paraguay","status":"publish","type":"post","link":"https:\/\/elluchador.info\/?p=262879","title":{"rendered":"Venezuela rompe relaciones con Paraguay"},"content":{"rendered":"\n<p>\u200eEl ministro del Poder Popular para las Relaciones Exteriores, Yv\u00e1n Gil, a trav\u00e9s de un comunicado rechaz\u00f3 este 6 de enero, las declaraciones del presidente de Paraguay, Santiago Pe\u00f1a, y anunci\u00f3 el rompimiento de las relaciones diplom\u00e1ticas con el pa\u00eds suramericano y el retiro del cuerpo diplom\u00e1tico de la Embajada, de manera inmediata.<br>\u200e<br>\u200eEl canciller Gil manifest\u00f3 que Pe\u00f1a ignora el derecho internacional y el principio de no intervenci\u00f3n y, adem\u00e1s, reincide en la pr\u00e1ctica fracasada del extinto Grupo de Lima al reconocer a la aventura llamada Guaid\u00f3 2.0.<br>\u200e<br>\u200e\u201cNinguna bufonada instruida desde el fascismo internacional lograr\u00e1 doblegar la voluntad de un pueblo firme en la construcci\u00f3n de su propio destino\u201d, expres\u00f3.<br>\u200e<br>\u200eA continuaci\u00f3n, texto \u00edntegro del comunicado: <\/p>\n\n\n\n<p>\u200e<\/p>\n\n\n<div class=\"wp-block-image\">\n<figure class=\"aligncenter size-large is-resized\"><img loading=\"lazy\" decoding=\"async\" width=\"859\" height=\"1024\" src=\"https:\/\/elluchador.info\/wp-content\/uploads\/2025\/01\/Screenshot_20250106-160122-859x1024.jpg\" alt=\"\" class=\"wp-image-262880\" style=\"width:532px;height:auto\" srcset=\"https:\/\/elluchador.info\/wp-content\/uploads\/2025\/01\/Screenshot_20250106-160122-859x1024.jpg 859w, https:\/\/elluchador.info\/wp-content\/uploads\/2025\/01\/Screenshot_20250106-160122-252x300.jpg 252w, https:\/\/elluchador.info\/wp-content\/uploads\/2025\/01\/Screenshot_20250106-160122-768x915.jpg 768w, https:\/\/elluchador.info\/wp-content\/uploads\/2025\/01\/Screenshot_20250106-160122-150x179.jpg 150w, https:\/\/elluchador.info\/wp-content\/uploads\/2025\/01\/Screenshot_20250106-160122-300x358.jpg 300w, https:\/\/elluchador.info\/wp-content\/uploads\/2025\/01\/Screenshot_20250106-160122-696x829.jpg 696w, https:\/\/elluchador.info\/wp-content\/uploads\/2025\/01\/Screenshot_20250106-160122-1068x1273.jpg 1068w, https:\/\/elluchador.info\/wp-content\/uploads\/2025\/01\/Screenshot_20250106-160122.jpg 1080w\" sizes=\"auto, (max-width: 859px) 100vw, 859px\" \/><\/figure>\n<\/div>\n\n\n<p>Con informaci\u00f3n <strong><em><mark style=\"background-color:rgba(0, 0, 0, 0)\" class=\"has-inline-color has-luminous-vivid-amber-color\">VTV<\/mark><\/em><\/strong><\/p>\n","protected":false},"excerpt":{"rendered":"<p>\u200eEl ministro del Poder Popular para las Relaciones Exteriores, Yv\u00e1n Gil, a trav\u00e9s de un comunicado rechaz\u00f3 este 6 de enero, las declaraciones del presidente de Paraguay, Santiago Pe\u00f1a, y anunci\u00f3 el rompimiento de las relaciones diplom\u00e1ticas con el pa\u00eds suramericano y el retiro del cuerpo diplom\u00e1tico de la Embajada, de manera inmediata.\u200e\u200eEl canciller Gil [&hellip;]<\/p>\n","protected":false},"author":33,"featured_media":254385,"comment_status":"closed","ping_status":"closed","sticky":false,"template":"","format":"standard","meta":{"footnotes":""},"categories":[5,9],"tags":[2302,2812,105],"class_list":{"0":"post-262879","1":"post","2":"type-post","3":"status-publish","4":"format-standard","5":"has-post-thumbnail","7":"category-destacado","8":"category-nacionales","9":"tag-paraguay","10":"tag-relaciones-bilaterales","11":"tag-venezuela"},"_links":{"self":[{"href":"https:\/\/elluchador.info\/index.php?rest_route=\/wp\/v2\/posts\/262879","targetHints":{"allow":["GET"]}}],"collection":[{"href":"https:\/\/elluchador.info\/index.php?rest_route=\/wp\/v2\/posts"}],"about":[{"href":"https:\/\/elluchador.info\/index.php?rest_route=\/wp\/v2\/types\/post"}],"author":[{"embeddable":true,"href":"https:\/\/elluchador.info\/index.php?rest_route=\/wp\/v2\/users\/33"}],"replies":[{"embeddable":true,"href":"https:\/\/elluchador.info\/index.php?rest_route=%2Fwp%2Fv2%2Fcomments&post=262879"}],"version-history":[{"count":1,"href":"https:\/\/elluchador.info\/index.php?rest_route=\/wp\/v2\/posts\/262879\/revisions"}],"predecessor-version":[{"id":262881,"href":"https:\/\/elluchador.info\/index.php?rest_route=\/wp\/v2\/posts\/262879\/revisions\/262881"}],"wp:featuredmedia":[{"embeddable":true,"href":"https:\/\/elluchador.info\/index.php?rest_route=\/wp\/v2\/media\/254385"}],"wp:attachment":[{"href":"https:\/\/elluchador.info\/index.php?rest_route=%2Fwp%2Fv2%2Fmedia&parent=262879"}],"wp:term":[{"taxonomy":"category","embeddable":true,"href":"https:\/\/elluchador.info\/index.php?rest_route=%2Fwp%2Fv2%2Fcategories&post=262879"},{"taxonomy":"post_tag","embeddable":true,"href":"https:\/\/elluchador.info\/index.php?rest_route=%2Fwp%2Fv2%2Ftags&post=262879"}],"curies":[{"name":"wp","href":"https:\/\/api.w.org\/{rel}","templated":true}]}}