{"id":262925,"date":"2025-01-06T20:04:55","date_gmt":"2025-01-07T00:04:55","guid":{"rendered":"https:\/\/elluchador.info\/?p=262925"},"modified":"2025-01-06T20:04:58","modified_gmt":"2025-01-07T00:04:58","slug":"angel-marcano-cleb-debe-generar-el-debate-popular","status":"publish","type":"post","link":"https:\/\/elluchador.info\/?p=262925","title":{"rendered":"\u00c1ngel Marcano: Cleb debe generar el debate popular"},"content":{"rendered":"\n<p>\u200eEn el primer programa radial \u201c\u00c1ngel Marcano Hoy\u201d del a\u00f1o 2025, el l\u00edder regional felicit\u00f3 la elecci\u00f3n de la nueva directiva del Consejo Legislativo del Estado Bol\u00edvar (Cleb), inst\u00e1ndola a profundizar el debate dentro de las comunidades de la entidad.<br>\u200e<br>\u200e\u201cEste es un a\u00f1o decisivo para el pa\u00eds y ustedes deben legislar para contribuir a la construcci\u00f3n del nuevo Estado Comunal, parte del legado del comandante Hugo Ch\u00e1vez, quien nos dej\u00f3 una idea y debemos consolidarla\u201d.<br>\u200e<br>\u200eEl gobernador del estado Bol\u00edvar destac\u00f3 que la nueva junta directiva est\u00e1 liderada por mujeres revolucionarias, a quienes calific\u00f3 de \u201cextraordinarias\u201d, invit\u00e1ndolas a mantener los procesos sociales del pueblo bolivarense.<br>\u200e<br>\u200eDestac\u00f3 el car\u00e1cter feminista de la revoluci\u00f3n bolivariana, la cual ha visibilizado a la mujer venezolana. \u201cLo vemos en el Cleb, donde este 2025 lo dirigir\u00e1n\u00a0 4 mujeres, estoy seguro generar\u00e1n el debate con el poder popular, es as\u00ed como se construye el pa\u00eds, con la participaci\u00f3n protag\u00f3nica del pueblo\u201d. <\/p>\n\n\n\n<figure class=\"wp-block-gallery has-nested-images columns-default is-cropped wp-block-gallery-1 is-layout-flex wp-block-gallery-is-layout-flex\">\n<figure class=\"wp-block-image size-large\"><img loading=\"lazy\" decoding=\"async\" width=\"1024\" height=\"682\" data-id=\"262926\" src=\"https:\/\/elluchador.info\/wp-content\/uploads\/2025\/01\/5-programa-6-1024x682.jpg\" alt=\"\" class=\"wp-image-262926\" srcset=\"https:\/\/elluchador.info\/wp-content\/uploads\/2025\/01\/5-programa-6-1024x682.jpg 1024w, https:\/\/elluchador.info\/wp-content\/uploads\/2025\/01\/5-programa-6-300x200.jpg 300w, https:\/\/elluchador.info\/wp-content\/uploads\/2025\/01\/5-programa-6-768x512.jpg 768w, https:\/\/elluchador.info\/wp-content\/uploads\/2025\/01\/5-programa-6-1536x1024.jpg 1536w, https:\/\/elluchador.info\/wp-content\/uploads\/2025\/01\/5-programa-6-2048x1365.jpg 2048w, https:\/\/elluchador.info\/wp-content\/uploads\/2025\/01\/5-programa-6-150x100.jpg 150w, https:\/\/elluchador.info\/wp-content\/uploads\/2025\/01\/5-programa-6-696x464.jpg 696w, https:\/\/elluchador.info\/wp-content\/uploads\/2025\/01\/5-programa-6-1068x712.jpg 1068w, https:\/\/elluchador.info\/wp-content\/uploads\/2025\/01\/5-programa-6-1920x1280.jpg 1920w\" sizes=\"auto, (max-width: 1024px) 100vw, 1024px\" \/><\/figure>\n\n\n\n<figure class=\"wp-block-image size-large\"><img loading=\"lazy\" decoding=\"async\" width=\"1024\" height=\"683\" data-id=\"262927\" src=\"https:\/\/elluchador.info\/wp-content\/uploads\/2025\/01\/4-Programa-6-1024x683.jpg\" alt=\"\" class=\"wp-image-262927\" srcset=\"https:\/\/elluchador.info\/wp-content\/uploads\/2025\/01\/4-Programa-6-1024x683.jpg 1024w, https:\/\/elluchador.info\/wp-content\/uploads\/2025\/01\/4-Programa-6-300x200.jpg 300w, https:\/\/elluchador.info\/wp-content\/uploads\/2025\/01\/4-Programa-6-768x512.jpg 768w, https:\/\/elluchador.info\/wp-content\/uploads\/2025\/01\/4-Programa-6-1536x1024.jpg 1536w, https:\/\/elluchador.info\/wp-content\/uploads\/2025\/01\/4-Programa-6-2048x1365.jpg 2048w, https:\/\/elluchador.info\/wp-content\/uploads\/2025\/01\/4-Programa-6-150x100.jpg 150w, https:\/\/elluchador.info\/wp-content\/uploads\/2025\/01\/4-Programa-6-696x464.jpg 696w, https:\/\/elluchador.info\/wp-content\/uploads\/2025\/01\/4-Programa-6-1068x712.jpg 1068w, https:\/\/elluchador.info\/wp-content\/uploads\/2025\/01\/4-Programa-6-1920x1280.jpg 1920w\" sizes=\"auto, (max-width: 1024px) 100vw, 1024px\" \/><\/figure>\n<\/figure>\n\n\n\n<p>Por su parte, Ornella Arbel\u00e1ez, presidenta del Cleb, reiter\u00f3 su apoyo a la gesti\u00f3n de gobierno de \u00c1ngel Marcano. Tambi\u00e9n asegur\u00f3 que crear\u00e1n leyes para favorecer al pueblo bolivarense. \u201cNos toca asumir esta responsabilidad para el pueblo, estamos comprometidos con nuestro rol en cada espacio social\u201d.<br>\u200e<br>\u200eLa diputada Elizabeth Conejero, vicepresidenta del Cleb, expres\u00f3 que desde el parlamento regional apoyar\u00e1n la juramentaci\u00f3n del presidente Nicol\u00e1s Maduro el pr\u00f3ximo 10 de enero.<br>\u200eTodos con Maduro<br>\u200e<br>\u200eEl gobernador \u00c1ngel Marcano record\u00f3 que la oposici\u00f3n venezolana por m\u00e1s de 25 a\u00f1os ha intentado desestabilizar el pa\u00eds. \u201cLos fascistas, los de apellido, quieren vender la naci\u00f3n a los intereses de los gringos\u201d. <\/p>\n\n\n<div class=\"wp-block-image\">\n<figure class=\"aligncenter size-large is-resized\"><img loading=\"lazy\" decoding=\"async\" width=\"1024\" height=\"683\" src=\"https:\/\/elluchador.info\/wp-content\/uploads\/2025\/01\/3-Programa-6-1024x683.jpg\" alt=\"\" class=\"wp-image-262928\" style=\"width:503px;height:auto\" srcset=\"https:\/\/elluchador.info\/wp-content\/uploads\/2025\/01\/3-Programa-6-1024x683.jpg 1024w, https:\/\/elluchador.info\/wp-content\/uploads\/2025\/01\/3-Programa-6-300x200.jpg 300w, https:\/\/elluchador.info\/wp-content\/uploads\/2025\/01\/3-Programa-6-768x512.jpg 768w, https:\/\/elluchador.info\/wp-content\/uploads\/2025\/01\/3-Programa-6-1536x1024.jpg 1536w, https:\/\/elluchador.info\/wp-content\/uploads\/2025\/01\/3-Programa-6-2048x1365.jpg 2048w, https:\/\/elluchador.info\/wp-content\/uploads\/2025\/01\/3-Programa-6-150x100.jpg 150w, https:\/\/elluchador.info\/wp-content\/uploads\/2025\/01\/3-Programa-6-696x464.jpg 696w, https:\/\/elluchador.info\/wp-content\/uploads\/2025\/01\/3-Programa-6-1068x712.jpg 1068w, https:\/\/elluchador.info\/wp-content\/uploads\/2025\/01\/3-Programa-6-1920x1280.jpg 1920w\" sizes=\"auto, (max-width: 1024px) 100vw, 1024px\" \/><\/figure>\n<\/div>\n\n\n<p>\u200eCalific\u00f3 de \u201cmala plaga\u201d a quienes pretenden arrebatarle a los venezolanos su soberan\u00eda. Inst\u00f3 al pueblo a defender la revoluci\u00f3n, la \u00fanica garante del bienestar social del pueblo.<br>\u200e<br>\u200e\u201cDebemos todos respaldar la juramentaci\u00f3n de nuestro hermano, presidente Nicol\u00e1s Maduro, el pr\u00f3ximo 10 de enero, electo por voto popular el pasado 28 de julio, el hijo de Ch\u00e1vez, quien mantiene vivo su legado\u201d.<br>\u200e<br><strong><em><mark style=\"background-color:rgba(0, 0, 0, 0)\" class=\"has-inline-color has-luminous-vivid-orange-color\">\u200ePrensa Gobernaci\u00f3n de Bol\u00edvar<\/mark><\/em><\/strong><\/p>\n","protected":false},"excerpt":{"rendered":"<p>\u200eEn el primer programa radial \u201c\u00c1ngel Marcano Hoy\u201d del a\u00f1o 2025, el l\u00edder regional felicit\u00f3 la elecci\u00f3n de la nueva directiva del Consejo Legislativo del Estado Bol\u00edvar (Cleb), inst\u00e1ndola a profundizar el debate dentro de las comunidades de la entidad.\u200e\u200e\u201cEste es un a\u00f1o decisivo para el pa\u00eds y ustedes deben legislar para contribuir a la [&hellip;]<\/p>\n","protected":false},"author":33,"featured_media":262929,"comment_status":"closed","ping_status":"closed","sticky":false,"template":"","format":"standard","meta":{"footnotes":""},"categories":[11],"tags":[185,306],"class_list":{"0":"post-262925","1":"post","2":"type-post","3":"status-publish","4":"format-standard","5":"has-post-thumbnail","7":"category-politica","8":"tag-bolivar","9":"tag-ciudad-bolivar"},"_links":{"self":[{"href":"https:\/\/elluchador.info\/index.php?rest_route=\/wp\/v2\/posts\/262925","targetHints":{"allow":["GET"]}}],"collection":[{"href":"https:\/\/elluchador.info\/index.php?rest_route=\/wp\/v2\/posts"}],"about":[{"href":"https:\/\/elluchador.info\/index.php?rest_route=\/wp\/v2\/types\/post"}],"author":[{"embeddable":true,"href":"https:\/\/elluchador.info\/index.php?rest_route=\/wp\/v2\/users\/33"}],"replies":[{"embeddable":true,"href":"https:\/\/elluchador.info\/index.php?rest_route=%2Fwp%2Fv2%2Fcomments&post=262925"}],"version-history":[{"count":1,"href":"https:\/\/elluchador.info\/index.php?rest_route=\/wp\/v2\/posts\/262925\/revisions"}],"predecessor-version":[{"id":262930,"href":"https:\/\/elluchador.info\/index.php?rest_route=\/wp\/v2\/posts\/262925\/revisions\/262930"}],"wp:featuredmedia":[{"embeddable":true,"href":"https:\/\/elluchador.info\/index.php?rest_route=\/wp\/v2\/media\/262929"}],"wp:attachment":[{"href":"https:\/\/elluchador.info\/index.php?rest_route=%2Fwp%2Fv2%2Fmedia&parent=262925"}],"wp:term":[{"taxonomy":"category","embeddable":true,"href":"https:\/\/elluchador.info\/index.php?rest_route=%2Fwp%2Fv2%2Fcategories&post=262925"},{"taxonomy":"post_tag","embeddable":true,"href":"https:\/\/elluchador.info\/index.php?rest_route=%2Fwp%2Fv2%2Ftags&post=262925"}],"curies":[{"name":"wp","href":"https:\/\/api.w.org\/{rel}","templated":true}]}}