{"id":263117,"date":"2025-01-08T16:09:09","date_gmt":"2025-01-08T20:09:09","guid":{"rendered":"https:\/\/elluchador.info\/?p=263117"},"modified":"2025-01-08T16:09:16","modified_gmt":"2025-01-08T20:09:16","slug":"gobierno-de-espana-no-enviara-representacion-a-la-investidura-de-maduro","status":"publish","type":"post","link":"https:\/\/elluchador.info\/?p=263117","title":{"rendered":"Gobierno de Espa\u00f1a no enviar\u00e1 representaci\u00f3n a la investidura de Maduro"},"content":{"rendered":"\n<p>\u200eEl Gobierno de Espa\u00f1a no enviar\u00e1 a ning\u00fan representante a la toma de posesi\u00f3n del presidente, Nicol\u00e1s Maduro, el pr\u00f3ximo 10 de enero, confirmaron fuentes del ministerio espa\u00f1ol de Asuntos Exteriores.<br>\u200e<br>\u200eEspa\u00f1a tampoco acudi\u00f3 cuando Maduro asumi\u00f3 el 10 de enero de 2019, momento en el que tambi\u00e9n estaba el socialista Pedro S\u00e1nchez al frente del Ejecutivo espa\u00f1ol.<br>\u200e<br>\u200eCon informaci\u00f3n <strong><em>AP<\/em><\/strong><\/p>\n","protected":false},"excerpt":{"rendered":"<p>\u200eEl Gobierno de Espa\u00f1a no enviar\u00e1 a ning\u00fan representante a la toma de posesi\u00f3n del presidente, Nicol\u00e1s Maduro, el pr\u00f3ximo 10 de enero, confirmaron fuentes del ministerio espa\u00f1ol de Asuntos Exteriores.\u200e\u200eEspa\u00f1a tampoco acudi\u00f3 cuando Maduro asumi\u00f3 el 10 de enero de 2019, momento en el que tambi\u00e9n estaba el socialista Pedro S\u00e1nchez al frente del [&hellip;]<\/p>\n","protected":false},"author":33,"featured_media":263118,"comment_status":"closed","ping_status":"closed","sticky":false,"template":"","format":"standard","meta":{"footnotes":""},"categories":[8],"tags":[592,84,448,105],"class_list":{"0":"post-263117","1":"post","2":"type-post","3":"status-publish","4":"format-standard","5":"has-post-thumbnail","8":"tag-espana","9":"tag-maduro","10":"tag-mundo","11":"tag-venezuela"},"_links":{"self":[{"href":"https:\/\/elluchador.info\/index.php?rest_route=\/wp\/v2\/posts\/263117","targetHints":{"allow":["GET"]}}],"collection":[{"href":"https:\/\/elluchador.info\/index.php?rest_route=\/wp\/v2\/posts"}],"about":[{"href":"https:\/\/elluchador.info\/index.php?rest_route=\/wp\/v2\/types\/post"}],"author":[{"embeddable":true,"href":"https:\/\/elluchador.info\/index.php?rest_route=\/wp\/v2\/users\/33"}],"replies":[{"embeddable":true,"href":"https:\/\/elluchador.info\/index.php?rest_route=%2Fwp%2Fv2%2Fcomments&post=263117"}],"version-history":[{"count":1,"href":"https:\/\/elluchador.info\/index.php?rest_route=\/wp\/v2\/posts\/263117\/revisions"}],"predecessor-version":[{"id":263119,"href":"https:\/\/elluchador.info\/index.php?rest_route=\/wp\/v2\/posts\/263117\/revisions\/263119"}],"wp:featuredmedia":[{"embeddable":true,"href":"https:\/\/elluchador.info\/index.php?rest_route=\/wp\/v2\/media\/263118"}],"wp:attachment":[{"href":"https:\/\/elluchador.info\/index.php?rest_route=%2Fwp%2Fv2%2Fmedia&parent=263117"}],"wp:term":[{"taxonomy":"category","embeddable":true,"href":"https:\/\/elluchador.info\/index.php?rest_route=%2Fwp%2Fv2%2Fcategories&post=263117"},{"taxonomy":"post_tag","embeddable":true,"href":"https:\/\/elluchador.info\/index.php?rest_route=%2Fwp%2Fv2%2Ftags&post=263117"}],"curies":[{"name":"wp","href":"https:\/\/api.w.org\/{rel}","templated":true}]}}