{"id":263120,"date":"2025-01-08T16:24:12","date_gmt":"2025-01-08T20:24:12","guid":{"rendered":"https:\/\/elluchador.info\/?p=263120"},"modified":"2025-01-08T16:24:16","modified_gmt":"2025-01-08T20:24:16","slug":"maduro-firmara-decreto-de-reforma-constitucional-el-10ene","status":"publish","type":"post","link":"https:\/\/elluchador.info\/?p=263120","title":{"rendered":"Maduro firmar\u00e1 decreto de reforma constitucional el 10Ene"},"content":{"rendered":"\n<p>\u200eEl presidente Nicol\u00e1s Maduro, inform\u00f3 que el 10 de enero firmar\u00e1 tras su juramentaci\u00f3n un primer decreto para iniciar una \u00abgran reforma Constitucional\u00bb desde el debate con todos los sectores. \u00abEsa reforma Constitucional tendr\u00e1 que darse en el seno de la Asamblea Nacional\u00ab.<br>\u200e<br>\u200e\u00abEl primer decreto que firmar\u00e9 ser\u00e1 constituyendo una amplia comisi\u00f3n nacional e internacional para ir a una gran reforma Constitucional, con debate y di\u00e1logo de todos los sectores pol\u00edticos, sociales, culturales y econ\u00f3micos del pa\u00eds\u00ab.<br>\u200e<br>\u200e\u00abSer\u00e1 la Asamblea Nacional el epicentro de un debate que tiene que llegar y mover la fibra democr\u00e1tica. Si ustedes me preguntaran cu\u00e1l es el objetivo de esa gran reforma constitucional, yo les dir\u00eda: definir con claridad el modelo de desarrollo venezolano para los pr\u00f3ximos 30 a\u00f1os y democratizar hasta el infinito la vida pol\u00edtica y social de Venezuela. Transformar este Estado en un Estado verdaderamente democr\u00e1tico de la gente, para la gente y con la gente; del pueblo, para el pueblo y con el pueblo\u00ab.<br>\u200e<br>\u200eCon informaci\u00f3n <strong><em><mark style=\"background-color:rgba(0, 0, 0, 0)\" class=\"has-inline-color has-luminous-vivid-amber-color\">\u00daR<\/mark><\/em><\/strong><\/p>\n","protected":false},"excerpt":{"rendered":"<p>\u200eEl presidente Nicol\u00e1s Maduro, inform\u00f3 que el 10 de enero firmar\u00e1 tras su juramentaci\u00f3n un primer decreto para iniciar una \u00abgran reforma Constitucional\u00bb desde el debate con todos los sectores. \u00abEsa reforma Constitucional tendr\u00e1 que darse en el seno de la Asamblea Nacional\u00ab.\u200e\u200e\u00abEl primer decreto que firmar\u00e9 ser\u00e1 constituyendo una amplia comisi\u00f3n nacional e internacional [&hellip;]<\/p>\n","protected":false},"author":33,"featured_media":263121,"comment_status":"closed","ping_status":"closed","sticky":false,"template":"","format":"standard","meta":{"footnotes":""},"categories":[5,9],"tags":[122,2838,105],"class_list":{"0":"post-263120","1":"post","2":"type-post","3":"status-publish","4":"format-standard","5":"has-post-thumbnail","7":"category-destacado","8":"category-nacionales","9":"tag-an","10":"tag-constitucional","11":"tag-venezuela"},"_links":{"self":[{"href":"https:\/\/elluchador.info\/index.php?rest_route=\/wp\/v2\/posts\/263120","targetHints":{"allow":["GET"]}}],"collection":[{"href":"https:\/\/elluchador.info\/index.php?rest_route=\/wp\/v2\/posts"}],"about":[{"href":"https:\/\/elluchador.info\/index.php?rest_route=\/wp\/v2\/types\/post"}],"author":[{"embeddable":true,"href":"https:\/\/elluchador.info\/index.php?rest_route=\/wp\/v2\/users\/33"}],"replies":[{"embeddable":true,"href":"https:\/\/elluchador.info\/index.php?rest_route=%2Fwp%2Fv2%2Fcomments&post=263120"}],"version-history":[{"count":1,"href":"https:\/\/elluchador.info\/index.php?rest_route=\/wp\/v2\/posts\/263120\/revisions"}],"predecessor-version":[{"id":263122,"href":"https:\/\/elluchador.info\/index.php?rest_route=\/wp\/v2\/posts\/263120\/revisions\/263122"}],"wp:featuredmedia":[{"embeddable":true,"href":"https:\/\/elluchador.info\/index.php?rest_route=\/wp\/v2\/media\/263121"}],"wp:attachment":[{"href":"https:\/\/elluchador.info\/index.php?rest_route=%2Fwp%2Fv2%2Fmedia&parent=263120"}],"wp:term":[{"taxonomy":"category","embeddable":true,"href":"https:\/\/elluchador.info\/index.php?rest_route=%2Fwp%2Fv2%2Fcategories&post=263120"},{"taxonomy":"post_tag","embeddable":true,"href":"https:\/\/elluchador.info\/index.php?rest_route=%2Fwp%2Fv2%2Ftags&post=263120"}],"curies":[{"name":"wp","href":"https:\/\/api.w.org\/{rel}","templated":true}]}}