{"id":263123,"date":"2025-01-08T17:05:37","date_gmt":"2025-01-08T21:05:37","guid":{"rendered":"https:\/\/elluchador.info\/?p=263123"},"modified":"2025-01-08T17:05:44","modified_gmt":"2025-01-08T21:05:44","slug":"en-colina-de-los-proceres-exigen-asfaltado-para-las-calles","status":"publish","type":"post","link":"https:\/\/elluchador.info\/?p=263123","title":{"rendered":"En Colina de Los Pr\u00f3ceres exigen asfaltado para las calles"},"content":{"rendered":"\n<p>\u200eLos residentes de la comunidad Colina de Los Pr\u00f3ceres, parroquia Agua Salada, piden a las autoridades locales que este a\u00f1o se atienda las necesidades de esta comunidad, entre ellas el asfaltado de las calles, que carecen, en su mayor\u00eda, de este servicio p\u00fablico.<br>\u200e<br>\u200eHan pasado m\u00e1s de 20 a\u00f1os, desde que se logr\u00f3 que se asfaltar\u00e1 la avenida principal del sector, gracias a las gestiones de la comunidad y en aquel tiempo de quienes estaban al frente del consejo comunal. Sin embargo, las calles internas han quedado en el olvido, adem\u00e1s de no poseer aceras ni brocales.<br>\u200e<br>\u200eLos vecinos desean que este 2025 se les logre la atenci\u00f3n que merecen y, finalmente, ver sus calles adecuadamente pavimentadas.<br>\u200e<br>\u200e\u00bbMerecemos el asfaltado como comunidad constituida. Ya basta, solicitamos a los organismos responsables que atiendan este llamado y resuelvan el asfaltado en la comunidad\u00bb, dijo Carlos Blanco.<br>\u200e<br>\u200e<br><em><strong>\u200eYanitza Mart\u00ednez<\/strong><\/em><\/p>\n","protected":false},"excerpt":{"rendered":"<p>\u200eLos residentes de la comunidad Colina de Los Pr\u00f3ceres, parroquia Agua Salada, piden a las autoridades locales que este a\u00f1o se atienda las necesidades de esta comunidad, entre ellas el asfaltado de las calles, que carecen, en su mayor\u00eda, de este servicio p\u00fablico.\u200e\u200eHan pasado m\u00e1s de 20 a\u00f1os, desde que se logr\u00f3 que se asfaltar\u00e1 [&hellip;]<\/p>\n","protected":false},"author":2,"featured_media":263124,"comment_status":"closed","ping_status":"closed","sticky":false,"template":"","format":"standard","meta":{"footnotes":""},"categories":[2],"tags":[185,306],"class_list":{"0":"post-263123","1":"post","2":"type-post","3":"status-publish","4":"format-standard","5":"has-post-thumbnail","7":"category-comunidad","8":"tag-bolivar","9":"tag-ciudad-bolivar"},"_links":{"self":[{"href":"https:\/\/elluchador.info\/index.php?rest_route=\/wp\/v2\/posts\/263123","targetHints":{"allow":["GET"]}}],"collection":[{"href":"https:\/\/elluchador.info\/index.php?rest_route=\/wp\/v2\/posts"}],"about":[{"href":"https:\/\/elluchador.info\/index.php?rest_route=\/wp\/v2\/types\/post"}],"author":[{"embeddable":true,"href":"https:\/\/elluchador.info\/index.php?rest_route=\/wp\/v2\/users\/2"}],"replies":[{"embeddable":true,"href":"https:\/\/elluchador.info\/index.php?rest_route=%2Fwp%2Fv2%2Fcomments&post=263123"}],"version-history":[{"count":1,"href":"https:\/\/elluchador.info\/index.php?rest_route=\/wp\/v2\/posts\/263123\/revisions"}],"predecessor-version":[{"id":263125,"href":"https:\/\/elluchador.info\/index.php?rest_route=\/wp\/v2\/posts\/263123\/revisions\/263125"}],"wp:featuredmedia":[{"embeddable":true,"href":"https:\/\/elluchador.info\/index.php?rest_route=\/wp\/v2\/media\/263124"}],"wp:attachment":[{"href":"https:\/\/elluchador.info\/index.php?rest_route=%2Fwp%2Fv2%2Fmedia&parent=263123"}],"wp:term":[{"taxonomy":"category","embeddable":true,"href":"https:\/\/elluchador.info\/index.php?rest_route=%2Fwp%2Fv2%2Fcategories&post=263123"},{"taxonomy":"post_tag","embeddable":true,"href":"https:\/\/elluchador.info\/index.php?rest_route=%2Fwp%2Fv2%2Ftags&post=263123"}],"curies":[{"name":"wp","href":"https:\/\/api.w.org\/{rel}","templated":true}]}}