{"id":263132,"date":"2025-01-08T19:21:07","date_gmt":"2025-01-08T23:21:07","guid":{"rendered":"https:\/\/elluchador.info\/?p=263132"},"modified":"2025-01-08T19:21:11","modified_gmt":"2025-01-08T23:21:11","slug":"nina-de-11-anos-se-suicida-por-restringirle-el-uso-del-celular","status":"publish","type":"post","link":"https:\/\/elluchador.info\/?p=263132","title":{"rendered":"Ni\u00f1a de 11 a\u00f1os se suicida por restringirle el uso del celular"},"content":{"rendered":"\n<p>\u200eUna ni\u00f1a de 11 a\u00f1os decidi\u00f3 quitarse la vida la noche del martes 07 de enero, tras recibir la prohibici\u00f3n del uso de su tel\u00e9fono celular, el hecho ocurri\u00f3 en la comunidad de Tucacas, espec\u00edficamente en el sector La Invasi\u00f3n.<br>\u200e<br>\u200eDe acuerdo con las versiones sobre el suceso, la ni\u00f1a hab\u00eda manifestado su frustraci\u00f3n por la restricci\u00f3n impuesta por sus padres. Tras anunciar que iba a ba\u00f1arse, su madre, preocupada por el tiempo que se tardaba, decidi\u00f3 verificar qu\u00e9 ocurr\u00eda. Fue entonces cuando hizo el desgarrador hallazgo; la ni\u00f1a estaba atada con una cuerda a un tubo estructural.<br>\u200e<br>\u200eA pesar de que la ni\u00f1a fue trasladada de inmediato al hospital de Tucacas, falleci\u00f3 minutos despu\u00e9s de su ingreso, dejando a su familia y a la comunidad sumidos en la tristeza y la incredulidad.<br>\u200e<br>\u200eEste tr\u00e1gico caso resalta la creciente preocupaci\u00f3n sobre el uso de dispositivos tecnol\u00f3gicos por parte de menores de edad, as\u00ed como la necesidad de una supervisi\u00f3n adecuada por parte de los padres.<br>\u200e<br>\u200eCon informaci\u00f3n <strong><em><mark style=\"background-color:rgba(0, 0, 0, 0)\" class=\"has-inline-color has-vivid-red-color\">El Informador<\/mark><\/em><\/strong><\/p>\n","protected":false},"excerpt":{"rendered":"<p>\u200eUna ni\u00f1a de 11 a\u00f1os decidi\u00f3 quitarse la vida la noche del martes 07 de enero, tras recibir la prohibici\u00f3n del uso de su tel\u00e9fono celular, el hecho ocurri\u00f3 en la comunidad de Tucacas, espec\u00edficamente en el sector La Invasi\u00f3n.\u200e\u200eDe acuerdo con las versiones sobre el suceso, la ni\u00f1a hab\u00eda manifestado su frustraci\u00f3n por la [&hellip;]<\/p>\n","protected":false},"author":33,"featured_media":263133,"comment_status":"closed","ping_status":"closed","sticky":false,"template":"","format":"standard","meta":{"footnotes":""},"categories":[13],"tags":[2759,2839],"class_list":{"0":"post-263132","1":"post","2":"type-post","3":"status-publish","4":"format-standard","5":"has-post-thumbnail","7":"category-sucesos","8":"tag-suicidio","9":"tag-tucacas"},"_links":{"self":[{"href":"https:\/\/elluchador.info\/index.php?rest_route=\/wp\/v2\/posts\/263132","targetHints":{"allow":["GET"]}}],"collection":[{"href":"https:\/\/elluchador.info\/index.php?rest_route=\/wp\/v2\/posts"}],"about":[{"href":"https:\/\/elluchador.info\/index.php?rest_route=\/wp\/v2\/types\/post"}],"author":[{"embeddable":true,"href":"https:\/\/elluchador.info\/index.php?rest_route=\/wp\/v2\/users\/33"}],"replies":[{"embeddable":true,"href":"https:\/\/elluchador.info\/index.php?rest_route=%2Fwp%2Fv2%2Fcomments&post=263132"}],"version-history":[{"count":1,"href":"https:\/\/elluchador.info\/index.php?rest_route=\/wp\/v2\/posts\/263132\/revisions"}],"predecessor-version":[{"id":263134,"href":"https:\/\/elluchador.info\/index.php?rest_route=\/wp\/v2\/posts\/263132\/revisions\/263134"}],"wp:featuredmedia":[{"embeddable":true,"href":"https:\/\/elluchador.info\/index.php?rest_route=\/wp\/v2\/media\/263133"}],"wp:attachment":[{"href":"https:\/\/elluchador.info\/index.php?rest_route=%2Fwp%2Fv2%2Fmedia&parent=263132"}],"wp:term":[{"taxonomy":"category","embeddable":true,"href":"https:\/\/elluchador.info\/index.php?rest_route=%2Fwp%2Fv2%2Fcategories&post=263132"},{"taxonomy":"post_tag","embeddable":true,"href":"https:\/\/elluchador.info\/index.php?rest_route=%2Fwp%2Fv2%2Ftags&post=263132"}],"curies":[{"name":"wp","href":"https:\/\/api.w.org\/{rel}","templated":true}]}}