{"id":263860,"date":"2025-01-15T19:42:01","date_gmt":"2025-01-15T23:42:01","guid":{"rendered":"https:\/\/elluchador.info\/?p=263860"},"modified":"2025-01-15T19:42:06","modified_gmt":"2025-01-15T23:42:06","slug":"primera-consulta-popular-nacional-se-realizara-el-2-de-febrero","status":"publish","type":"post","link":"https:\/\/elluchador.info\/?p=263860","title":{"rendered":"Primera Consulta Popular Nacional se realizar\u00e1 el 2 de febrero"},"content":{"rendered":"\n<p>\u200eEl jefe de Estado, Nicol\u00e1s Maduro, ajust\u00f3 para el domingo 2 de febrero de 2025 la celebraci\u00f3n de la primera Consulta Nacional Popular, para que los vecinos y vecinas elijan sus proyectos comunitarios a trav\u00e9s del voto.<br>\u200e<br>\u200e\u201cYo quiero ajustar la fecha de la primera consulta, porque hemos recibido propuesta desde las bases y me parece excepcional, compa\u00f1eros y compa\u00f1eras (\u2026) me parece excepcional que coloquemos la primera consulta nacional el d\u00eda domingo 2 de febrero en homenaje a los 26 a\u00f1os de la llegada de nuestro Comandante Hugo Ch\u00e1vez Fr\u00edas a la presidencia constitucional de Venezuela\u201d, anunci\u00f3 desde el Teatro Teresa Carre\u00f1o, durante su Memoria y Cuenta del 2024, en cumplimiento del Mensaje Anual establecido en la Carta Magna.<br>\u200e<br>\u200eOriginalmente, la fecha prevista era el 26 de enero, pero el jefe de Estado coment\u00f3 que una semana m\u00e1s dar\u00e1 chance a finiquitar la preparaci\u00f3n y motivaci\u00f3n de esta consulta para escoger proyectos comunales en los m\u00e1s de cinco mil doscientos circuitos comunales en todo el pa\u00eds.<br>\u200e<br>\u200eCon informaci\u00f3n <strong><em>AVN<\/em><\/strong><\/p>\n","protected":false},"excerpt":{"rendered":"<p>\u200eEl jefe de Estado, Nicol\u00e1s Maduro, ajust\u00f3 para el domingo 2 de febrero de 2025 la celebraci\u00f3n de la primera Consulta Nacional Popular, para que los vecinos y vecinas elijan sus proyectos comunitarios a trav\u00e9s del voto.\u200e\u200e\u201cYo quiero ajustar la fecha de la primera consulta, porque hemos recibido propuesta desde las bases y me parece [&hellip;]<\/p>\n","protected":false},"author":33,"featured_media":263861,"comment_status":"closed","ping_status":"closed","sticky":false,"template":"","format":"standard","meta":{"footnotes":""},"categories":[9],"tags":[105],"class_list":{"0":"post-263860","1":"post","2":"type-post","3":"status-publish","4":"format-standard","5":"has-post-thumbnail","7":"category-nacionales","8":"tag-venezuela"},"_links":{"self":[{"href":"https:\/\/elluchador.info\/index.php?rest_route=\/wp\/v2\/posts\/263860","targetHints":{"allow":["GET"]}}],"collection":[{"href":"https:\/\/elluchador.info\/index.php?rest_route=\/wp\/v2\/posts"}],"about":[{"href":"https:\/\/elluchador.info\/index.php?rest_route=\/wp\/v2\/types\/post"}],"author":[{"embeddable":true,"href":"https:\/\/elluchador.info\/index.php?rest_route=\/wp\/v2\/users\/33"}],"replies":[{"embeddable":true,"href":"https:\/\/elluchador.info\/index.php?rest_route=%2Fwp%2Fv2%2Fcomments&post=263860"}],"version-history":[{"count":1,"href":"https:\/\/elluchador.info\/index.php?rest_route=\/wp\/v2\/posts\/263860\/revisions"}],"predecessor-version":[{"id":263862,"href":"https:\/\/elluchador.info\/index.php?rest_route=\/wp\/v2\/posts\/263860\/revisions\/263862"}],"wp:featuredmedia":[{"embeddable":true,"href":"https:\/\/elluchador.info\/index.php?rest_route=\/wp\/v2\/media\/263861"}],"wp:attachment":[{"href":"https:\/\/elluchador.info\/index.php?rest_route=%2Fwp%2Fv2%2Fmedia&parent=263860"}],"wp:term":[{"taxonomy":"category","embeddable":true,"href":"https:\/\/elluchador.info\/index.php?rest_route=%2Fwp%2Fv2%2Fcategories&post=263860"},{"taxonomy":"post_tag","embeddable":true,"href":"https:\/\/elluchador.info\/index.php?rest_route=%2Fwp%2Fv2%2Ftags&post=263860"}],"curies":[{"name":"wp","href":"https:\/\/api.w.org\/{rel}","templated":true}]}}