{"id":264038,"date":"2025-01-17T15:16:20","date_gmt":"2025-01-17T19:16:20","guid":{"rendered":"https:\/\/elluchador.info\/?p=264038"},"modified":"2025-01-17T15:16:54","modified_gmt":"2025-01-17T19:16:54","slug":"la-toma-de-posesion-de-trump-se-llevara-a-cabo-dentro-del-capitolio-debido-al-frio-extremo","status":"publish","type":"post","link":"https:\/\/elluchador.info\/?p=264038","title":{"rendered":"La toma de posesi\u00f3n de Trump se llevar\u00e1 a cabo dentro del Capitolio debido al fr\u00edo extremo"},"content":{"rendered":"\n<p>\u00abEl pron\u00f3stico del tiempo para Washington, D.C., con el factor de sensaci\u00f3n t\u00e9rmica, podr\u00eda llevar las temperaturas a m\u00ednimos hist\u00f3ricos. Hay una r\u00e1faga \u00e1rtica que barre el pa\u00eds. No quiero ver a la gente herida de ninguna manera\u00bb, dijo&nbsp;Trump&nbsp;en su plataforma Truth Social el viernes.<\/p>\n\n\n\n<p>\u00abPor lo tanto, he ordenado que el discurso de toma de posesi\u00f3n, adem\u00e1s de las oraciones y otros discursos, se pronuncie en la Rotonda del Capitolio de los Estados Unidos\u00bb, agreg\u00f3&nbsp;Trump.<\/p>\n\n\n\n<p>La \u00faltima vez que una toma de posesi\u00f3n se traslad\u00f3 al interior debido al intenso fr\u00edo fue en 1985 para la segunda juramentaci\u00f3n del expresidente republicano Ronald Reagan, cuando la sensaci\u00f3n t\u00e9rmica de la tarde cay\u00f3 en el rango de menos 10 a menos 20 grados Fahrenheit (menos 23 a menos 29 grados Celsius).<\/p>\n\n\n\n<figure class=\"wp-block-image\"><img decoding=\"async\" src=\"https:\/\/s.france24.com\/media\/display\/38c3b0a0-d505-11ef-8368-005056a90284\/w:980\/2025-01-17T181947Z_48868252_RC2TBCAR4CN3_RTRMADP_3_USA-TRUMP-INAUGURATION.JPG\" alt=\"Una vista general muestra el National Mall el d\u00eda en que se anunci\u00f3 que la toma de posesi\u00f3n del presidente electo de Estados Unidos, Donald Trump, se trasladar\u00e1 al interior debido a las temperaturas peligrosamente fr\u00edas que se esperan para el lunes, en Washington, Estados Unidos, el 17 de enero de 2025.\"\/><\/figure>\n\n\n\n<p><strong>El pron\u00f3stico del tiempo para Washington el lunes predice que las temperaturas en el momento de la juramentaci\u00f3n de&nbsp;Trump&nbsp;ser\u00e1n de alrededor de 19 F (menos 7 grados C)<\/strong>, pero se sentir\u00e1n a\u00fan m\u00e1s fr\u00edas.<\/p>\n\n\n\n<p>Trump&nbsp;dijo que los simpatizantes pueden ver la ceremonia en pantallas dentro del Capital One Arena, un recinto deportivo en el centro de Washington con capacidad para 20.000 personas.<\/p>\n\n\n\n<p>Trump\u00a0tambi\u00e9n dijo que su desfile presidencial, en el que estaban programadas bandas de m\u00fasica y otros grupos que avanzar\u00edan por la avenida Pensilvania frente a la\u00a0Casa Blanca, se cambiar\u00e1 al interior del Capital One Arena.<\/p>\n\n\n\n<p>A\u00fan no est\u00e1 claro c\u00f3mo se organizar\u00e1 un desfile dentro del recinto. Trump&nbsp;dijo que se unir\u00eda a la multitud despu\u00e9s de jurar el cargo. El presidente electo tiene previsto celebrar un mitin con sus partidarios dentro del mismo estadio el domingo, en la v\u00edspera de su toma de posesi\u00f3n.<\/p>\n\n\n\n<h2 class=\"wp-block-heading\"><strong>El fr\u00edo intenso ha tenido un impacto en varias inauguraciones pasadas<\/strong><\/h2>\n\n\n\n<p>William Henry Harrison, el noveno presidente de los Estados Unidos, pronunci\u00f3 el discurso inaugural m\u00e1s largo del pa\u00eds el 4 de marzo de 1841, en condiciones h\u00famedas y fr\u00edas, sin sombrero ni abrigo.<\/p>\n\n\n\n<p>Se cree que ese evento y ese discurso contribuyeron a que m\u00e1s tarde sucumbiera a la neumon\u00eda. Muri\u00f3 un mes despu\u00e9s de asumir el cargo, lo que convirti\u00f3 su residencia en la m\u00e1s corta de la historia de\u00a0Estados Unidos.<\/p>\n\n\n\n<figure class=\"wp-block-image\"><img decoding=\"async\" src=\"https:\/\/s.france24.com\/media\/display\/72013248-d505-11ef-95aa-005056bfb2b6\/2025-01-17T175036Z_1013854427_RC2TBCA6FUTD_RTRMADP_3_USA-TRUMP-INAUGURATION.webp\" alt=\"La nieve se acumula cerca del Capitolio de Estados Unidos despu\u00e9s de que se anunciara que la toma de posesi\u00f3n del presidente electo de Estados Unidos, Donald Trump, se trasladar\u00e1 al interior debido a las temperaturas peligrosamente fr\u00edas que se esperan para el lunes, en Washington, Estados Unidos, el 17 de enero de 2025.\"\/><\/figure>\n\n\n\n<p>Durante la segunda ceremonia de juramento del presidente Ulysses S. Grant el 4 de marzo de 1873, varios cadetes y guardiamarinas que estaban afuera sin abrigos se desplomaron y las r\u00e1fagas de viento hicieron que el discurso de Grant fuera inaudible incluso para los cercanos a \u00e9l, seg\u00fan un relato publicado por el Servicio Meteorol\u00f3gico Nacional. La temperatura m\u00ednima matutina de -15 \u00b0C de ese d\u00eda sigue siendo el d\u00eda de marzo m\u00e1s fr\u00edo registrado en Washington.<\/p>\n\n\n\n<p><strong><em>Con informaci\u00f3n de France 24<\/em><\/strong><\/p>\n","protected":false},"excerpt":{"rendered":"<p>\u00abEl pron\u00f3stico del tiempo para Washington, D.C., con el factor de sensaci\u00f3n t\u00e9rmica, podr\u00eda llevar las temperaturas a m\u00ednimos hist\u00f3ricos. Hay una r\u00e1faga \u00e1rtica que barre el pa\u00eds. No quiero ver a la gente herida de ninguna manera\u00bb, dijo&nbsp;Trump&nbsp;en su plataforma Truth Social el viernes. \u00abPor lo tanto, he ordenado que el discurso de toma [&hellip;]<\/p>\n","protected":false},"author":2,"featured_media":264037,"comment_status":"closed","ping_status":"closed","sticky":false,"template":"","format":"standard","meta":{"footnotes":""},"categories":[8],"tags":[],"class_list":{"0":"post-264038","1":"post","2":"type-post","3":"status-publish","4":"format-standard","5":"has-post-thumbnail","7":"category-internacionales"},"_links":{"self":[{"href":"https:\/\/elluchador.info\/index.php?rest_route=\/wp\/v2\/posts\/264038","targetHints":{"allow":["GET"]}}],"collection":[{"href":"https:\/\/elluchador.info\/index.php?rest_route=\/wp\/v2\/posts"}],"about":[{"href":"https:\/\/elluchador.info\/index.php?rest_route=\/wp\/v2\/types\/post"}],"author":[{"embeddable":true,"href":"https:\/\/elluchador.info\/index.php?rest_route=\/wp\/v2\/users\/2"}],"replies":[{"embeddable":true,"href":"https:\/\/elluchador.info\/index.php?rest_route=%2Fwp%2Fv2%2Fcomments&post=264038"}],"version-history":[{"count":1,"href":"https:\/\/elluchador.info\/index.php?rest_route=\/wp\/v2\/posts\/264038\/revisions"}],"predecessor-version":[{"id":264039,"href":"https:\/\/elluchador.info\/index.php?rest_route=\/wp\/v2\/posts\/264038\/revisions\/264039"}],"wp:featuredmedia":[{"embeddable":true,"href":"https:\/\/elluchador.info\/index.php?rest_route=\/wp\/v2\/media\/264037"}],"wp:attachment":[{"href":"https:\/\/elluchador.info\/index.php?rest_route=%2Fwp%2Fv2%2Fmedia&parent=264038"}],"wp:term":[{"taxonomy":"category","embeddable":true,"href":"https:\/\/elluchador.info\/index.php?rest_route=%2Fwp%2Fv2%2Fcategories&post=264038"},{"taxonomy":"post_tag","embeddable":true,"href":"https:\/\/elluchador.info\/index.php?rest_route=%2Fwp%2Fv2%2Ftags&post=264038"}],"curies":[{"name":"wp","href":"https:\/\/api.w.org\/{rel}","templated":true}]}}