{"id":264068,"date":"2025-01-17T17:41:34","date_gmt":"2025-01-17T21:41:34","guid":{"rendered":"https:\/\/elluchador.info\/?p=264068"},"modified":"2025-01-17T17:41:38","modified_gmt":"2025-01-17T21:41:38","slug":"venezuela-establece-convenio-de-cooperacion-turistica-con-turquia","status":"publish","type":"post","link":"https:\/\/elluchador.info\/?p=264068","title":{"rendered":"Venezuela establece convenio de cooperaci\u00f3n tur\u00edstica con Turqu\u00eda"},"content":{"rendered":"\n<p>Como parte de los acuerdos de cooperaci\u00f3n entre Venezuela y Turqu\u00eda, delegaciones de ambos pa\u00edses firmaron&nbsp;<strong>convenios en materia tur\u00edstica, con miras a una revitalizaci\u00f3n del sector<\/strong>.<\/p>\n\n\n\n<p>Altos funcionarios nacionales, encabezados por el ministro de Industrias y Producci\u00f3n Nacional, Alex Saab; la ministra de Turismo Leticia G\u00f3mez y el embajador de T\u00fcrkiye en Venezuela, Naci Aydan Karamanoglu, rubricaron los acuerdos.<\/p>\n\n\n\n<p>Aunque no se ofrecieron detalles de los proyectos que se desarrollar\u00e1n a trav\u00e9s del convenio de cooperaci\u00f3n, la informaci\u00f3n oficial difundida apunta que el objetivo es\u00a0<strong>\u201cpromover el intercambio cultural y econ\u00f3mico, facilitar el acceso y la promoci\u00f3n de ambos destinos tur\u00edsticos<\/strong>, as\u00ed como aprovechar las fortalezas de cada naci\u00f3n en t\u00e9rminos de patrimonio hist\u00f3rico, cultura y belleza natural\u201d, indica una nota de\u00a0VTV.<\/p>\n\n\n\n<p><strong><em>Con informaci\u00f3n de Banca y Negocios.<\/em><\/strong><\/p>\n","protected":false},"excerpt":{"rendered":"<p>Como parte de los acuerdos de cooperaci\u00f3n entre Venezuela y Turqu\u00eda, delegaciones de ambos pa\u00edses firmaron&nbsp;convenios en materia tur\u00edstica, con miras a una revitalizaci\u00f3n del sector. Altos funcionarios nacionales, encabezados por el ministro de Industrias y Producci\u00f3n Nacional, Alex Saab; la ministra de Turismo Leticia G\u00f3mez y el embajador de T\u00fcrkiye en Venezuela, Naci Aydan [&hellip;]<\/p>\n","protected":false},"author":2,"featured_media":264069,"comment_status":"closed","ping_status":"closed","sticky":false,"template":"","format":"standard","meta":{"footnotes":""},"categories":[9],"tags":[],"class_list":{"0":"post-264068","1":"post","2":"type-post","3":"status-publish","4":"format-standard","5":"has-post-thumbnail","7":"category-nacionales"},"_links":{"self":[{"href":"https:\/\/elluchador.info\/index.php?rest_route=\/wp\/v2\/posts\/264068","targetHints":{"allow":["GET"]}}],"collection":[{"href":"https:\/\/elluchador.info\/index.php?rest_route=\/wp\/v2\/posts"}],"about":[{"href":"https:\/\/elluchador.info\/index.php?rest_route=\/wp\/v2\/types\/post"}],"author":[{"embeddable":true,"href":"https:\/\/elluchador.info\/index.php?rest_route=\/wp\/v2\/users\/2"}],"replies":[{"embeddable":true,"href":"https:\/\/elluchador.info\/index.php?rest_route=%2Fwp%2Fv2%2Fcomments&post=264068"}],"version-history":[{"count":1,"href":"https:\/\/elluchador.info\/index.php?rest_route=\/wp\/v2\/posts\/264068\/revisions"}],"predecessor-version":[{"id":264070,"href":"https:\/\/elluchador.info\/index.php?rest_route=\/wp\/v2\/posts\/264068\/revisions\/264070"}],"wp:featuredmedia":[{"embeddable":true,"href":"https:\/\/elluchador.info\/index.php?rest_route=\/wp\/v2\/media\/264069"}],"wp:attachment":[{"href":"https:\/\/elluchador.info\/index.php?rest_route=%2Fwp%2Fv2%2Fmedia&parent=264068"}],"wp:term":[{"taxonomy":"category","embeddable":true,"href":"https:\/\/elluchador.info\/index.php?rest_route=%2Fwp%2Fv2%2Fcategories&post=264068"},{"taxonomy":"post_tag","embeddable":true,"href":"https:\/\/elluchador.info\/index.php?rest_route=%2Fwp%2Fv2%2Ftags&post=264068"}],"curies":[{"name":"wp","href":"https:\/\/api.w.org\/{rel}","templated":true}]}}