{"id":264090,"date":"2025-01-17T18:35:36","date_gmt":"2025-01-17T22:35:36","guid":{"rendered":"https:\/\/elluchador.info\/?p=264090"},"modified":"2025-01-17T18:35:39","modified_gmt":"2025-01-17T22:35:39","slug":"ordenan-aprehension-del-expresidente-evo-morales-por-presunta-trata-de-menor","status":"publish","type":"post","link":"https:\/\/elluchador.info\/?p=264090","title":{"rendered":"Ordenan aprehensi\u00f3n del expresidente Evo Morales por presunta trata de menor"},"content":{"rendered":"\n<p>Un juez ha ordenado este viernes la detenci\u00f3n del expresidente boliviano Evo Morales tras no presentarse tal y como estaba citado en los juzgados como medida cautelar, en el marco de su investigaci\u00f3n por tr\u00e1fico de personas, en relaci\u00f3n a un supuesto abuso contra una menor en 2016 cuando ejerc\u00eda como jefe de Estado.<\/p>\n\n\n\n<p>Morales no se present\u00f3 este martes en los juzgados de Tarija alegando problemas de salud, por lo que la vista fue aplazada para este viernes, advirti\u00e9ndole de que en caso de no comparecer ser\u00eda declarado en rebeld\u00eda y por tanto, se emitir\u00eda una orden de detenci\u00f3n contra \u00e9l.<\/p>\n\n\n\n<p>El juez Nelson Rocabado ha rechazado adem\u00e1s este viernes los informes m\u00e9dicos que ha presentado el equipo legal de Morales, puesto que \u00abno acreditan un impedimento o dificultad\u00bb para acudir al juzgado tal y como se le inst\u00f3. Asimismo, ha ordenado congelar sus cuentas y el registro preventivo de sus bienes.<\/p>\n\n\n\n<p>Desde septiembre de 2026, la Justicia investiga este presunto abuso cometido por Morales sobre una entonces menor de 15 a\u00f1os, del que naci\u00f3 una ni\u00f1a. El padre de la supuesta v\u00edctima fue detenido, pero la madre est\u00e1 sigue desaparecida. La investigaci\u00f3n apunta que ambos se habr\u00edan beneficiado pol\u00edticamente.<\/p>\n\n\n\n<p><em><strong>Con informaci\u00f3n de El Informador.<\/strong><\/em><\/p>\n","protected":false},"excerpt":{"rendered":"<p>Un juez ha ordenado este viernes la detenci\u00f3n del expresidente boliviano Evo Morales tras no presentarse tal y como estaba citado en los juzgados como medida cautelar, en el marco de su investigaci\u00f3n por tr\u00e1fico de personas, en relaci\u00f3n a un supuesto abuso contra una menor en 2016 cuando ejerc\u00eda como jefe de Estado. Morales [&hellip;]<\/p>\n","protected":false},"author":2,"featured_media":264091,"comment_status":"closed","ping_status":"closed","sticky":false,"template":"","format":"standard","meta":{"footnotes":""},"categories":[8],"tags":[],"class_list":{"0":"post-264090","1":"post","2":"type-post","3":"status-publish","4":"format-standard","5":"has-post-thumbnail","7":"category-internacionales"},"_links":{"self":[{"href":"https:\/\/elluchador.info\/index.php?rest_route=\/wp\/v2\/posts\/264090","targetHints":{"allow":["GET"]}}],"collection":[{"href":"https:\/\/elluchador.info\/index.php?rest_route=\/wp\/v2\/posts"}],"about":[{"href":"https:\/\/elluchador.info\/index.php?rest_route=\/wp\/v2\/types\/post"}],"author":[{"embeddable":true,"href":"https:\/\/elluchador.info\/index.php?rest_route=\/wp\/v2\/users\/2"}],"replies":[{"embeddable":true,"href":"https:\/\/elluchador.info\/index.php?rest_route=%2Fwp%2Fv2%2Fcomments&post=264090"}],"version-history":[{"count":1,"href":"https:\/\/elluchador.info\/index.php?rest_route=\/wp\/v2\/posts\/264090\/revisions"}],"predecessor-version":[{"id":264092,"href":"https:\/\/elluchador.info\/index.php?rest_route=\/wp\/v2\/posts\/264090\/revisions\/264092"}],"wp:featuredmedia":[{"embeddable":true,"href":"https:\/\/elluchador.info\/index.php?rest_route=\/wp\/v2\/media\/264091"}],"wp:attachment":[{"href":"https:\/\/elluchador.info\/index.php?rest_route=%2Fwp%2Fv2%2Fmedia&parent=264090"}],"wp:term":[{"taxonomy":"category","embeddable":true,"href":"https:\/\/elluchador.info\/index.php?rest_route=%2Fwp%2Fv2%2Fcategories&post=264090"},{"taxonomy":"post_tag","embeddable":true,"href":"https:\/\/elluchador.info\/index.php?rest_route=%2Fwp%2Fv2%2Ftags&post=264090"}],"curies":[{"name":"wp","href":"https:\/\/api.w.org\/{rel}","templated":true}]}}