{"id":264384,"date":"2025-01-20T15:27:19","date_gmt":"2025-01-20T19:27:19","guid":{"rendered":"https:\/\/elluchador.info\/?p=264384"},"modified":"2025-01-20T15:27:23","modified_gmt":"2025-01-20T19:27:23","slug":"petro-sobre-crisis-en-catatumbo-el-eln-ha-escogido-el-camino-de-la-guerra-y-guerra-tendra","status":"publish","type":"post","link":"https:\/\/elluchador.info\/?p=264384","title":{"rendered":"Petro sobre crisis en Catatumbo: \u201cEl ELN ha escogido el camino de la guerra y guerra tendr\u00e1\u201d"},"content":{"rendered":"\n<p>El presidente de Colombia Gustavo Petro, public\u00f3 un mensaje este lunes, 20 de enero, en el que se refiere al conflicto armado que mantiene en vilo a la regi\u00f3n del Catatumbo, donde m\u00e1s de 100 personas han sido asesinadas y miles han sido desplazadas, mientras un n\u00famero indeterminado permanece en confinamiento. <\/p>\n\n\n\n<p>Todo debido al fuego cruzado entre el Ej\u00e9rcito de Liberaci\u00f3n Nacional (ELN) y el Frente 33 de las disidencias de las Fuerzas Armadas Revolucionarias de Colombia (FARC).<\/p>\n\n\n\n<p>Ya el viernes, 17 de enero, el mandatario neogranadino hab\u00eda anunciado la ruptura del di\u00e1logo de paz con el ELN y hoy advirti\u00f3 que esta organizaci\u00f3n paramilitar \u201cescogi\u00f3 el camino de la guerra y guerra tendr\u00e1\u201d.<\/p>\n\n\n\n<p><em>\u201cLo sucedido en el Catatumbo no es sino una demostraci\u00f3n m\u00e1s, del tr\u00e1nsito de las guerrillas insurgentes hacia las organizaciones narcoarmadas. La acci\u00f3n de masacre cometida por el ELN con fuerzas tra\u00eddas desde Arauca hasta el Catatumbo calca perfectamente el accionar de los grupos paramilitares, cuando, dirigidos por Mancuso, llegaron a la zona: masacre de campesinos civiles, en estado de indefensi\u00f3n. Cr\u00edmenes de guerra por doquier que son cr\u00edmenes contra la humanidad\u201d<\/em>, dijo Petro en su cuenta de X, antes Twitter.<\/p>\n\n\n\n<p>Asimismo, se\u00f1al\u00f3 que \u201cel ELN se apart\u00f3 de la teor\u00eda del \u2018amor eficaz\u2019 de su fundador, el sacerdote Camilo Torres Restrepo, del que a\u00fan guardo su sotana, y transit\u00f3 hacia los caminos de Pablo Escobar, al que escogieron como su gu\u00eda permanente\u201d.<\/p>\n\n\n\n<p>El mensaje contin\u00faa rememorando que conoci\u00f3 militantes del ELN de otro tiempo con los que compart\u00eda ideales, pero expres\u00f3 que ese ELN ya no existe.<\/p>\n\n\n\n<p>\u201cEs el tr\u00e1nsito que todo ser humano realiza cuando a su coraz\u00f3n lo gana la codicia, o, como dijera Jos\u00e9 Eustasio Rivera, se lo gana la violencia. Conoc\u00ed muchas personas militantes del ELN cuando estaba en la c\u00e1rcel o cuando estaba en mis noches de amor y de guerra; siempre me admir\u00f3 de ellos sus principios, su entrega revolucionaria, creo que ese ELN est\u00e1 muerto. Muri\u00f3 tambi\u00e9n entre los campesinos del Catatumbo, lo asesin\u00f3 el actual ELN\u00bb mafioso. <\/p>\n\n\n\n<p>\u00abLe corresponde al ej\u00e9rcito actual, el ej\u00e9rcito de la constituci\u00f3n, salvar y proteger a la poblaci\u00f3n del Catatumbo del ELN, su asesino. El ELN ha escogido el camino de la guerra y guerra tendr\u00e1. Nosotros, el gobierno, estamos al lado del pueblo. Todo aquel que a\u00fan mantenga su coraz\u00f3n firme al lado del \u2018amor eficaz\u2019 ser\u00e1 escuchado. Todo aquel que haya dejado que su coraz\u00f3n lo gane la codicia, ser\u00e1 enfrentado. Al pueblo mucha organizaci\u00f3n y firmeza, las armas de la naci\u00f3n est\u00e1n a su lado\u201d, expres\u00f3.<\/p>\n\n\n\n<p>Con informaci\u00f3n <strong><em><mark style=\"background-color:rgba(0, 0, 0, 0)\" class=\"has-inline-color has-vivid-red-color\">AP<\/mark><\/em><\/strong><\/p>\n","protected":false},"excerpt":{"rendered":"<p>El presidente de Colombia Gustavo Petro, public\u00f3 un mensaje este lunes, 20 de enero, en el que se refiere al conflicto armado que mantiene en vilo a la regi\u00f3n del Catatumbo, donde m\u00e1s de 100 personas han sido asesinadas y miles han sido desplazadas, mientras un n\u00famero indeterminado permanece en confinamiento. Todo debido al fuego [&hellip;]<\/p>\n","protected":false},"author":33,"featured_media":264385,"comment_status":"closed","ping_status":"closed","sticky":false,"template":"","format":"standard","meta":{"footnotes":""},"categories":[8],"tags":[397,396,1589],"class_list":{"0":"post-264384","1":"post","2":"type-post","3":"status-publish","4":"format-standard","5":"has-post-thumbnail","7":"category-internacionales","8":"tag-colombia","9":"tag-eln","10":"tag-petro"},"_links":{"self":[{"href":"https:\/\/elluchador.info\/index.php?rest_route=\/wp\/v2\/posts\/264384","targetHints":{"allow":["GET"]}}],"collection":[{"href":"https:\/\/elluchador.info\/index.php?rest_route=\/wp\/v2\/posts"}],"about":[{"href":"https:\/\/elluchador.info\/index.php?rest_route=\/wp\/v2\/types\/post"}],"author":[{"embeddable":true,"href":"https:\/\/elluchador.info\/index.php?rest_route=\/wp\/v2\/users\/33"}],"replies":[{"embeddable":true,"href":"https:\/\/elluchador.info\/index.php?rest_route=%2Fwp%2Fv2%2Fcomments&post=264384"}],"version-history":[{"count":1,"href":"https:\/\/elluchador.info\/index.php?rest_route=\/wp\/v2\/posts\/264384\/revisions"}],"predecessor-version":[{"id":264386,"href":"https:\/\/elluchador.info\/index.php?rest_route=\/wp\/v2\/posts\/264384\/revisions\/264386"}],"wp:featuredmedia":[{"embeddable":true,"href":"https:\/\/elluchador.info\/index.php?rest_route=\/wp\/v2\/media\/264385"}],"wp:attachment":[{"href":"https:\/\/elluchador.info\/index.php?rest_route=%2Fwp%2Fv2%2Fmedia&parent=264384"}],"wp:term":[{"taxonomy":"category","embeddable":true,"href":"https:\/\/elluchador.info\/index.php?rest_route=%2Fwp%2Fv2%2Fcategories&post=264384"},{"taxonomy":"post_tag","embeddable":true,"href":"https:\/\/elluchador.info\/index.php?rest_route=%2Fwp%2Fv2%2Ftags&post=264384"}],"curies":[{"name":"wp","href":"https:\/\/api.w.org\/{rel}","templated":true}]}}