{"id":264390,"date":"2025-01-20T16:57:11","date_gmt":"2025-01-20T20:57:11","guid":{"rendered":"https:\/\/elluchador.info\/?p=264390"},"modified":"2025-01-20T16:57:15","modified_gmt":"2025-01-20T20:57:15","slug":"presidente-mulino-a-trump-el-canal-seguira-siendo-de-panama","status":"publish","type":"post","link":"https:\/\/elluchador.info\/?p=264390","title":{"rendered":"Presidente Mulino a Trump: \u201cEl Canal seguir\u00e1 siendo de Panam\u00e1\u201d"},"content":{"rendered":"\n<p>Durante el acto de investidura, el presidente Donal Trump reaviv\u00f3 la pol\u00e9mica por su intenci\u00f3n de que Estados Unidos vuelva a administrar el Canal de Panam\u00e1. De inmediato, el presidente paname\u00f1o, Jos\u00e9 Ra\u00fal Mulino, expres\u00f3 su rechazo a las declaraciones del magnate estadounidense.<\/p>\n\n\n\n<p>\u201cEn nombre de la Rep\u00fablica de Panam\u00e1 y su pueblo, debo rechazar de manera integral las palabras esbozadas por el presidente Donald Trump relativas a Panam\u00e1 y su Canal, en su discurso inaugural. Reitero lo expresado en mi mensaje a la Naci\u00f3n el 22 de diciembre: El Canal es y seguir\u00e1 siendo de Panam\u00e1 y su administraci\u00f3n seguir\u00e1 estando bajo control paname\u00f1o con respeto a su neutralidad permanente\u201c, indica un comunicado divulgado por Mulino.<\/p>\n\n\n<div class=\"wp-block-image\">\n<figure class=\"aligncenter size-full is-resized\"><img loading=\"lazy\" decoding=\"async\" width=\"768\" height=\"860\" src=\"https:\/\/elluchador.info\/wp-content\/uploads\/2025\/01\/7-1.jpg\" alt=\"\" class=\"wp-image-264394\" style=\"width:530px;height:auto\" srcset=\"https:\/\/elluchador.info\/wp-content\/uploads\/2025\/01\/7-1.jpg 768w, https:\/\/elluchador.info\/wp-content\/uploads\/2025\/01\/7-1-268x300.jpg 268w, https:\/\/elluchador.info\/wp-content\/uploads\/2025\/01\/7-1-150x168.jpg 150w, https:\/\/elluchador.info\/wp-content\/uploads\/2025\/01\/7-1-300x336.jpg 300w, https:\/\/elluchador.info\/wp-content\/uploads\/2025\/01\/7-1-696x779.jpg 696w\" sizes=\"auto, (max-width: 768px) 100vw, 768px\" \/><\/figure>\n<\/div>\n\n\n<p>El texto a\u00f1ade que no hay presencia de ninguna otra naci\u00f3n del mundo que interfiera con la administraci\u00f3n del Canal. Esta es una respuesta a las palabras de Trump al se\u00f1alar que China se apropi\u00f3 de este importante paso entre los oc\u00e9anos Pac\u00edfico y Atl\u00e1ntico.<\/p>\n\n\n\n<p>\u201cEl Canal no fue una concesi\u00f3n de nadie. Fue resultado del acuerdo Torrijos-Carter y, desde entonces hasta la fecha, por 25 a\u00f1os, de manera ininterrumpida, lo hemos administrado y expandido con responsabilidad para servirle al mundo y su comercio, incluyendo a Estados Unidos\u201d, agrega el comunicado de Mulino.<\/p>\n\n\n\n<p>Con informaci\u00f3n <strong><em><mark style=\"background-color:rgba(0, 0, 0, 0)\" class=\"has-inline-color has-luminous-vivid-orange-color\">AP<\/mark><\/em><\/strong><\/p>\n","protected":false},"excerpt":{"rendered":"<p>Durante el acto de investidura, el presidente Donal Trump reaviv\u00f3 la pol\u00e9mica por su intenci\u00f3n de que Estados Unidos vuelva a administrar el Canal de Panam\u00e1. De inmediato, el presidente paname\u00f1o, Jos\u00e9 Ra\u00fal Mulino, expres\u00f3 su rechazo a las declaraciones del magnate estadounidense. \u201cEn nombre de la Rep\u00fablica de Panam\u00e1 y su pueblo, debo rechazar [&hellip;]<\/p>\n","protected":false},"author":33,"featured_media":264395,"comment_status":"closed","ping_status":"closed","sticky":false,"template":"","format":"standard","meta":{"footnotes":""},"categories":[8],"tags":[1550,42],"class_list":{"0":"post-264390","1":"post","2":"type-post","3":"status-publish","4":"format-standard","5":"has-post-thumbnail","7":"category-internacionales","8":"tag-panama-2","9":"tag-trump"},"_links":{"self":[{"href":"https:\/\/elluchador.info\/index.php?rest_route=\/wp\/v2\/posts\/264390","targetHints":{"allow":["GET"]}}],"collection":[{"href":"https:\/\/elluchador.info\/index.php?rest_route=\/wp\/v2\/posts"}],"about":[{"href":"https:\/\/elluchador.info\/index.php?rest_route=\/wp\/v2\/types\/post"}],"author":[{"embeddable":true,"href":"https:\/\/elluchador.info\/index.php?rest_route=\/wp\/v2\/users\/33"}],"replies":[{"embeddable":true,"href":"https:\/\/elluchador.info\/index.php?rest_route=%2Fwp%2Fv2%2Fcomments&post=264390"}],"version-history":[{"count":1,"href":"https:\/\/elluchador.info\/index.php?rest_route=\/wp\/v2\/posts\/264390\/revisions"}],"predecessor-version":[{"id":264396,"href":"https:\/\/elluchador.info\/index.php?rest_route=\/wp\/v2\/posts\/264390\/revisions\/264396"}],"wp:featuredmedia":[{"embeddable":true,"href":"https:\/\/elluchador.info\/index.php?rest_route=\/wp\/v2\/media\/264395"}],"wp:attachment":[{"href":"https:\/\/elluchador.info\/index.php?rest_route=%2Fwp%2Fv2%2Fmedia&parent=264390"}],"wp:term":[{"taxonomy":"category","embeddable":true,"href":"https:\/\/elluchador.info\/index.php?rest_route=%2Fwp%2Fv2%2Fcategories&post=264390"},{"taxonomy":"post_tag","embeddable":true,"href":"https:\/\/elluchador.info\/index.php?rest_route=%2Fwp%2Fv2%2Ftags&post=264390"}],"curies":[{"name":"wp","href":"https:\/\/api.w.org\/{rel}","templated":true}]}}