{"id":264397,"date":"2025-01-20T18:02:40","date_gmt":"2025-01-20T22:02:40","guid":{"rendered":"https:\/\/elluchador.info\/?p=264397"},"modified":"2025-01-20T18:02:44","modified_gmt":"2025-01-20T22:02:44","slug":"angel-marcano-consolidaremos-proyectos-comunales-en-bolivar","status":"publish","type":"post","link":"https:\/\/elluchador.info\/?p=264397","title":{"rendered":"\u00c1ngel Marcano: Consolidaremos proyectos comunales en Bol\u00edvar"},"content":{"rendered":"\n<p>En su acostumbrado programa radial \u201c\u00c1ngel Marcano Hoy\u201d, el l\u00edder regional asegur\u00f3 que consolidar\u00e1 junto con el pueblo los proyectos comunales de la entidad, a prop\u00f3sito de la pr\u00f3xima Consulta Popular Nacional que se realizar\u00e1 el pr\u00f3ximo 02 de febrero, donde m\u00e1s de 6 proyectos ser\u00e1n escogidos por comuneros del estado Bol\u00edvar.<\/p>\n\n\n\n<p>La cadena radial transmitida v\u00eda streaming, redes sociales oficiales del Gobernador y emisoras aliadas se efectu\u00f3 en la Escuela B\u00e1sica H\u00e9ctor Guillermo Villalobos en la parroquia Vista al Sol, municipio Caron\u00ed, donde l\u00edderes comunales, docentes, diputados a la Asamblea Nacional, Cleb y tren ejecutivo de la Gobernaci\u00f3n de Bol\u00edvar estuvieron presentes.<\/p>\n\n\n\n<p>Marcano habl\u00f3 de la importancia de impulsar el emprendimiento popular y los proyectos comunales, como base fundamental para la construcci\u00f3n definitiva del estado comunal, tal y como lo so\u00f1\u00f3 Hugo Ch\u00e1vez.<\/p>\n\n\n\n<figure class=\"wp-block-gallery has-nested-images columns-default is-cropped wp-block-gallery-1 is-layout-flex wp-block-gallery-is-layout-flex\">\n<figure class=\"wp-block-image size-large\"><img loading=\"lazy\" decoding=\"async\" width=\"1024\" height=\"683\" data-id=\"264398\" src=\"https:\/\/elluchador.info\/wp-content\/uploads\/2025\/01\/2-programa-20-1024x683.jpg\" alt=\"\" class=\"wp-image-264398\" srcset=\"https:\/\/elluchador.info\/wp-content\/uploads\/2025\/01\/2-programa-20-1024x683.jpg 1024w, https:\/\/elluchador.info\/wp-content\/uploads\/2025\/01\/2-programa-20-300x200.jpg 300w, https:\/\/elluchador.info\/wp-content\/uploads\/2025\/01\/2-programa-20-768x512.jpg 768w, https:\/\/elluchador.info\/wp-content\/uploads\/2025\/01\/2-programa-20-1536x1024.jpg 1536w, https:\/\/elluchador.info\/wp-content\/uploads\/2025\/01\/2-programa-20-2048x1365.jpg 2048w, https:\/\/elluchador.info\/wp-content\/uploads\/2025\/01\/2-programa-20-150x100.jpg 150w, https:\/\/elluchador.info\/wp-content\/uploads\/2025\/01\/2-programa-20-696x464.jpg 696w, https:\/\/elluchador.info\/wp-content\/uploads\/2025\/01\/2-programa-20-1068x712.jpg 1068w, https:\/\/elluchador.info\/wp-content\/uploads\/2025\/01\/2-programa-20-1920x1280.jpg 1920w\" sizes=\"auto, (max-width: 1024px) 100vw, 1024px\" \/><figcaption class=\"wp-element-caption\">Poder popular acompa\u00f1\u00f3 a Marcano en<br>su programa radial<\/figcaption><\/figure>\n\n\n\n<figure class=\"wp-block-image size-large\"><img loading=\"lazy\" decoding=\"async\" width=\"1024\" height=\"682\" data-id=\"264399\" src=\"https:\/\/elluchador.info\/wp-content\/uploads\/2025\/01\/3-programa-20-1024x682.jpg\" alt=\"\" class=\"wp-image-264399\" srcset=\"https:\/\/elluchador.info\/wp-content\/uploads\/2025\/01\/3-programa-20-1024x682.jpg 1024w, https:\/\/elluchador.info\/wp-content\/uploads\/2025\/01\/3-programa-20-300x200.jpg 300w, https:\/\/elluchador.info\/wp-content\/uploads\/2025\/01\/3-programa-20-768x512.jpg 768w, https:\/\/elluchador.info\/wp-content\/uploads\/2025\/01\/3-programa-20-1536x1024.jpg 1536w, https:\/\/elluchador.info\/wp-content\/uploads\/2025\/01\/3-programa-20-2048x1365.jpg 2048w, https:\/\/elluchador.info\/wp-content\/uploads\/2025\/01\/3-programa-20-150x100.jpg 150w, https:\/\/elluchador.info\/wp-content\/uploads\/2025\/01\/3-programa-20-696x464.jpg 696w, https:\/\/elluchador.info\/wp-content\/uploads\/2025\/01\/3-programa-20-1068x712.jpg 1068w, https:\/\/elluchador.info\/wp-content\/uploads\/2025\/01\/3-programa-20-1920x1280.jpg 1920w\" sizes=\"auto, (max-width: 1024px) 100vw, 1024px\" \/><figcaption class=\"wp-element-caption\">Marcano resumi\u00f3 logros obtenidos por las<br>comunas en Caron\u00ed<\/figcaption><\/figure>\n<\/figure>\n\n\n\n<p>\u201cEs un proceso definitivo para el poder popular venezolano. Viene la tercera Consulta Nacional donde el pueblo priorizar\u00e1 las soluciones concretas a sus necesidades\u201d. Por su parte, el vocero comunal, Ram\u00f3n Gonz\u00e1lez, habl\u00f3 sobre el proyecto social que est\u00e1n desarrollando en la parroquia Vista al Sol, explic\u00f3 que en la segunda Consulta Popular Nacional se aprob\u00f3 un proyecto textil que permiti\u00f3 adquirir 6 m\u00e1quinas industriales y 250 kilos de telas para la confecci\u00f3n de uniformes estudiantiles.<\/p>\n\n\n\n<figure class=\"wp-block-image size-large\"><img loading=\"lazy\" decoding=\"async\" width=\"1024\" height=\"682\" src=\"https:\/\/elluchador.info\/wp-content\/uploads\/2025\/01\/4-programa-20-1024x682.jpg\" alt=\"\" class=\"wp-image-264401\" srcset=\"https:\/\/elluchador.info\/wp-content\/uploads\/2025\/01\/4-programa-20-1024x682.jpg 1024w, https:\/\/elluchador.info\/wp-content\/uploads\/2025\/01\/4-programa-20-300x200.jpg 300w, https:\/\/elluchador.info\/wp-content\/uploads\/2025\/01\/4-programa-20-768x512.jpg 768w, https:\/\/elluchador.info\/wp-content\/uploads\/2025\/01\/4-programa-20-1536x1024.jpg 1536w, https:\/\/elluchador.info\/wp-content\/uploads\/2025\/01\/4-programa-20-2048x1365.jpg 2048w, https:\/\/elluchador.info\/wp-content\/uploads\/2025\/01\/4-programa-20-150x100.jpg 150w, https:\/\/elluchador.info\/wp-content\/uploads\/2025\/01\/4-programa-20-696x464.jpg 696w, https:\/\/elluchador.info\/wp-content\/uploads\/2025\/01\/4-programa-20-1068x712.jpg 1068w, https:\/\/elluchador.info\/wp-content\/uploads\/2025\/01\/4-programa-20-1920x1280.jpg 1920w\" sizes=\"auto, (max-width: 1024px) 100vw, 1024px\" \/><figcaption class=\"wp-element-caption\">Proyecto textil comunal avanza en la parroquia Vista al Sol<\/figcaption><\/figure>\n\n\n\n<p>Dijo que est\u00e1n trabajando por el bienestar de los vecinos. \u201cApoyamos la Revoluci\u00f3n Bolivariana porque nos permite empoderarnos y cubrir las necesidades de nuestros territorios\u201d.<\/p>\n\n\n\n<p><strong>Educaci\u00f3n de calidad<\/strong><\/p>\n\n\n\n<p>El gobernador del estado Bol\u00edvar hizo un balance del tema educativo en la regi\u00f3n. Dijo que de 1.060 escuelas han rehabilitado m\u00e1s de 870, incluyendo la Escuela B\u00e1sica H\u00e9ctor Guillermo Villalobos. \u201cEn este centro educativo hemos rehabilitado las aulas con pintura, logramos techar el patio central, optimizamos los ba\u00f1os, desmalezamos las \u00e1reas verdes y recolectamos los desechos s\u00f3lidos\u201d, inform\u00f3, Marcano.<\/p>\n\n\n<div class=\"wp-block-image\">\n<figure class=\"alignleft size-large is-resized\"><img loading=\"lazy\" decoding=\"async\" width=\"1024\" height=\"683\" src=\"https:\/\/elluchador.info\/wp-content\/uploads\/2025\/01\/5-programa-20-1024x683.jpg\" alt=\"\" class=\"wp-image-264402\" style=\"width:398px;height:auto\" srcset=\"https:\/\/elluchador.info\/wp-content\/uploads\/2025\/01\/5-programa-20-1024x683.jpg 1024w, https:\/\/elluchador.info\/wp-content\/uploads\/2025\/01\/5-programa-20-300x200.jpg 300w, https:\/\/elluchador.info\/wp-content\/uploads\/2025\/01\/5-programa-20-768x512.jpg 768w, https:\/\/elluchador.info\/wp-content\/uploads\/2025\/01\/5-programa-20-1536x1024.jpg 1536w, https:\/\/elluchador.info\/wp-content\/uploads\/2025\/01\/5-programa-20-2048x1365.jpg 2048w, https:\/\/elluchador.info\/wp-content\/uploads\/2025\/01\/5-programa-20-150x100.jpg 150w, https:\/\/elluchador.info\/wp-content\/uploads\/2025\/01\/5-programa-20-696x464.jpg 696w, https:\/\/elluchador.info\/wp-content\/uploads\/2025\/01\/5-programa-20-1068x712.jpg 1068w, https:\/\/elluchador.info\/wp-content\/uploads\/2025\/01\/5-programa-20-1920x1280.jpg 1920w\" sizes=\"auto, (max-width: 1024px) 100vw, 1024px\" \/><figcaption class=\"wp-element-caption\">Emilio Aguilar, secretario de Educaci\u00f3n, destac\u00f3 logros<\/figcaption><\/figure>\n<\/div>\n\n\n<p>Emilio Aguilar, secretario de Educaci\u00f3n de la Gobernaci\u00f3n, explic\u00f3 que en sinergia con el Ministerio de Educaci\u00f3n han logrado entregar m\u00e1s de 23 mil bolsas Clap al personal docente, administrativo, obrero y cocineras de la patria en los 11 municipios de la regi\u00f3n. Adem\u00e1s, se han asignado viviendas a los maestros.<\/p>\n\n\n\n<p>Inform\u00f3 que tambi\u00e9n se les don\u00f3 kits de construcci\u00f3n y dotaron con una flota de veh\u00edculos al personal del Ministerio en Bol\u00edvar.<\/p>\n\n\n\n<p><strong>Afinan detalles para Carnaval <\/strong><\/p>\n\n\n\n<p>El Gobernador adelant\u00f3 parte de los preparativos para la celebraci\u00f3n de los carnavales de El Callao 2025, que se realizar\u00e1n el 03 y 04 de marzo en la poblaci\u00f3n minera, \u00edcono cultural del pa\u00eds y cuna del calipso, expresi\u00f3n musical que es Patrimonio Cultural de la Humanidad.<\/p>\n\n\n\n<p>Convers\u00f3 con Carlos London, cultor callaoense, quien hizo un resumen de este evento emblem\u00e1tico de la regi\u00f3n. Inform\u00f3 que desde inicios de este a\u00f1o, cada domingo las comparsas salen a las calles a llenar de alegr\u00eda a El Callao, tal y como est\u00e1 previsto en el cronograma festivo del 2025.<\/p>\n\n\n<div class=\"wp-block-image\">\n<figure class=\"aligncenter size-large\"><img loading=\"lazy\" decoding=\"async\" width=\"1024\" height=\"682\" src=\"https:\/\/elluchador.info\/wp-content\/uploads\/2025\/01\/6-programa-20-1024x682.jpg\" alt=\"\" class=\"wp-image-264403\" srcset=\"https:\/\/elluchador.info\/wp-content\/uploads\/2025\/01\/6-programa-20-1024x682.jpg 1024w, https:\/\/elluchador.info\/wp-content\/uploads\/2025\/01\/6-programa-20-300x200.jpg 300w, https:\/\/elluchador.info\/wp-content\/uploads\/2025\/01\/6-programa-20-768x512.jpg 768w, https:\/\/elluchador.info\/wp-content\/uploads\/2025\/01\/6-programa-20-1536x1024.jpg 1536w, https:\/\/elluchador.info\/wp-content\/uploads\/2025\/01\/6-programa-20-2048x1365.jpg 2048w, https:\/\/elluchador.info\/wp-content\/uploads\/2025\/01\/6-programa-20-150x100.jpg 150w, https:\/\/elluchador.info\/wp-content\/uploads\/2025\/01\/6-programa-20-696x464.jpg 696w, https:\/\/elluchador.info\/wp-content\/uploads\/2025\/01\/6-programa-20-1068x712.jpg 1068w, https:\/\/elluchador.info\/wp-content\/uploads\/2025\/01\/6-programa-20-1920x1280.jpg 1920w\" sizes=\"auto, (max-width: 1024px) 100vw, 1024px\" \/><figcaption class=\"wp-element-caption\">Neptali Hurtado, secretario de Cultura, dijo que estos carnavales ser\u00e1n m\u00e1s inclusivos<\/figcaption><\/figure>\n<\/div>\n\n\n<p>Destac\u00f3 la rehabilitaci\u00f3n de los servicios p\u00fablicos en esa localidad. \u201cAvanza el mejoramiento del servicio de agua potable y servidas con apoyo de Hidrobol\u00edvar, y se est\u00e1n asfaltando nuestras calles\u201d. Dijo que el Gobierno est\u00e1 reacondicionando el servicio el\u00e9ctrico.<\/p>\n\n\n\n<p>\u201cEstos carnavales ser\u00e1n los mejores para callaoenses turistas\u201d. Por su parte, Neptal\u00ed Hurtado, secretario de Cultura de la Gobernaci\u00f3n del estado Bol\u00edvar, indic\u00f3 que esta semana se anunciar\u00e1 la programaci\u00f3n definitiva de la celebraci\u00f3n carnestolenda.<\/p>\n\n\n\n<p>Por su parte, el gobernador \u00c1ngel Marcano anunci\u00f3 que est\u00e1 en conversaciones con sus hom\u00f3logos; Luis Jos\u00e9 Marcano, gobernador de Anzo\u00e1tegui, Lizeta Hern\u00e1ndez, gobernadora de Delta Amacuro y Miguel Rodr\u00edguez, gobernador de Amazonas, para llevar las comparsas de El Callao hasta esas entidades. \u201cLo estamos impulsando para que sigan brillando\u201d.<\/p>\n\n\n\n<p><strong>Potencia agroproductiva<\/strong><\/p>\n\n\n\n<p>En materia agroproductiva, Wilfredo Jim\u00e9nez, secretario Agroindustrial de la Gobernaci\u00f3n del estado Bol\u00edvar, ofreci\u00f3 un balance de esta actividad econ\u00f3mica en la regi\u00f3n. Destac\u00f3 la reuni\u00f3n que sostuvo recientemente con representantes del Gobierno Nacional para consolidar la legalizaci\u00f3n de las semillas de variedad, que estima sea distribuida para que los productores dejen de utilizar las semillas transg\u00e9nicas.<\/p>\n\n\n\n<p>Coment\u00f3 que particip\u00f3 en un encuentro con los miembros del Movimiento Sin Tierra, de Brasil, que apoyan al Gobierno nacional en la recuperaci\u00f3n de La Vergare\u00f1a, a fin de iniciar la germinaci\u00f3n de este tipo de semillas (variedad), las cuales son m\u00e1s sanas para la producci\u00f3n de la tierra.<\/p>\n\n\n<div class=\"wp-block-image\">\n<figure class=\"alignright size-large is-resized\"><img loading=\"lazy\" decoding=\"async\" width=\"1024\" height=\"682\" src=\"https:\/\/elluchador.info\/wp-content\/uploads\/2025\/01\/7-Programa-20-1024x682.jpg\" alt=\"\" class=\"wp-image-264404\" style=\"width:511px;height:auto\" srcset=\"https:\/\/elluchador.info\/wp-content\/uploads\/2025\/01\/7-Programa-20-1024x682.jpg 1024w, https:\/\/elluchador.info\/wp-content\/uploads\/2025\/01\/7-Programa-20-300x200.jpg 300w, https:\/\/elluchador.info\/wp-content\/uploads\/2025\/01\/7-Programa-20-768x512.jpg 768w, https:\/\/elluchador.info\/wp-content\/uploads\/2025\/01\/7-Programa-20-1536x1024.jpg 1536w, https:\/\/elluchador.info\/wp-content\/uploads\/2025\/01\/7-Programa-20-2048x1365.jpg 2048w, https:\/\/elluchador.info\/wp-content\/uploads\/2025\/01\/7-Programa-20-150x100.jpg 150w, https:\/\/elluchador.info\/wp-content\/uploads\/2025\/01\/7-Programa-20-696x464.jpg 696w, https:\/\/elluchador.info\/wp-content\/uploads\/2025\/01\/7-Programa-20-1068x712.jpg 1068w, https:\/\/elluchador.info\/wp-content\/uploads\/2025\/01\/7-Programa-20-1920x1280.jpg 1920w\" sizes=\"auto, (max-width: 1024px) 100vw, 1024px\" \/><figcaption class=\"wp-element-caption\">Wilfredo Jim\u00e9nez, secretario Agroindustrial, resalt\u00f3 que Bol\u00edvar producir\u00e1 harina de ma\u00edz, semillas de variedad y comida para animales<\/figcaption><\/figure>\n<\/div>\n\n\n<p>Asegur\u00f3 que solicitaron al Gobierno Bolivariano la legalizaci\u00f3n de lote de tierras para que la Gobernaci\u00f3n pueda sembrar rubros para el desarrollo econ\u00f3mico de la entidad. Asimismo, Jim\u00e9nez, se\u00f1al\u00f3 que hay importantes avances en la puesta en funcionamiento de la planta procesadora de ma\u00edz local, que estiman pueda abarcar el mercado regional.<\/p>\n\n\n\n<p>Anunci\u00f3 que pr\u00f3ximamente iniciar\u00e1 la planta procesadora de alimentos para animales, que potenciar\u00e1 la producci\u00f3n animal en Bol\u00edvar.<\/p>\n\n\n\n<p>El gobernador \u00c1ngel Marcano se\u00f1al\u00f3 que el fruto la coroba podr\u00eda ser certificado para la producci\u00f3n en masa. \u201cDe esta semilla se extrae aceite que puede tener m\u00faltiples usos, y a su vez puede ser comercializado\u201d.<\/p>\n\n\n\n<p>Asegur\u00f3 que el estado Bol\u00edvar tiene potencial agroproductivo importante, tanto como el sector minero.<\/p>\n\n\n\n<p><strong><em><mark style=\"background-color:rgba(0, 0, 0, 0)\" class=\"has-inline-color has-luminous-vivid-orange-color\">Prensa Gobernaci\u00f3n de Bol\u00edvar<\/mark><\/em><\/strong><\/p>\n","protected":false},"excerpt":{"rendered":"<p>En su acostumbrado programa radial \u201c\u00c1ngel Marcano Hoy\u201d, el l\u00edder regional asegur\u00f3 que consolidar\u00e1 junto con el pueblo los proyectos comunales de la entidad, a prop\u00f3sito de la pr\u00f3xima Consulta Popular Nacional que se realizar\u00e1 el pr\u00f3ximo 02 de febrero, donde m\u00e1s de 6 proyectos ser\u00e1n escogidos por comuneros del estado Bol\u00edvar. La cadena radial [&hellip;]<\/p>\n","protected":false},"author":33,"featured_media":264405,"comment_status":"closed","ping_status":"closed","sticky":false,"template":"","format":"standard","meta":{"footnotes":""},"categories":[5,12],"tags":[185,1178,2890],"class_list":{"0":"post-264397","1":"post","2":"type-post","3":"status-publish","4":"format-standard","5":"has-post-thumbnail","7":"category-destacado","8":"category-regionales","9":"tag-bolivar","10":"tag-ciudad-guayana","11":"tag-comunales"},"_links":{"self":[{"href":"https:\/\/elluchador.info\/index.php?rest_route=\/wp\/v2\/posts\/264397","targetHints":{"allow":["GET"]}}],"collection":[{"href":"https:\/\/elluchador.info\/index.php?rest_route=\/wp\/v2\/posts"}],"about":[{"href":"https:\/\/elluchador.info\/index.php?rest_route=\/wp\/v2\/types\/post"}],"author":[{"embeddable":true,"href":"https:\/\/elluchador.info\/index.php?rest_route=\/wp\/v2\/users\/33"}],"replies":[{"embeddable":true,"href":"https:\/\/elluchador.info\/index.php?rest_route=%2Fwp%2Fv2%2Fcomments&post=264397"}],"version-history":[{"count":1,"href":"https:\/\/elluchador.info\/index.php?rest_route=\/wp\/v2\/posts\/264397\/revisions"}],"predecessor-version":[{"id":264406,"href":"https:\/\/elluchador.info\/index.php?rest_route=\/wp\/v2\/posts\/264397\/revisions\/264406"}],"wp:featuredmedia":[{"embeddable":true,"href":"https:\/\/elluchador.info\/index.php?rest_route=\/wp\/v2\/media\/264405"}],"wp:attachment":[{"href":"https:\/\/elluchador.info\/index.php?rest_route=%2Fwp%2Fv2%2Fmedia&parent=264397"}],"wp:term":[{"taxonomy":"category","embeddable":true,"href":"https:\/\/elluchador.info\/index.php?rest_route=%2Fwp%2Fv2%2Fcategories&post=264397"},{"taxonomy":"post_tag","embeddable":true,"href":"https:\/\/elluchador.info\/index.php?rest_route=%2Fwp%2Fv2%2Ftags&post=264397"}],"curies":[{"name":"wp","href":"https:\/\/api.w.org\/{rel}","templated":true}]}}