{"id":264618,"date":"2025-01-22T16:15:37","date_gmt":"2025-01-22T20:15:37","guid":{"rendered":"https:\/\/elluchador.info\/?p=264618"},"modified":"2025-01-22T16:15:46","modified_gmt":"2025-01-22T20:15:46","slug":"fiscalia-de-colombia-reactiva-ordenes-de-captura-a-miembros-del-eln","status":"publish","type":"post","link":"https:\/\/elluchador.info\/?p=264618","title":{"rendered":"Fiscal\u00eda de Colombia reactiva \u00f3rdenes de captura a miembros del ELN"},"content":{"rendered":"\n<p>\u00abEl incumplimiento de las condiciones para la suspensi\u00f3n de las \u00f3rdenes de captura y, en especial, la comisi\u00f3n de nuevos delitos por parte de miembros del ELN, da lugar a reactivar las \u00f3rdenes de captura suspendidas en su momento por solicitud del presidente\u00bb, se\u00f1ala una resoluci\u00f3n emitida por la <em>fiscal general de Colombia, Luz Adriana Camargo<\/em>.<\/p>\n\n\n\n<p>La Fiscal\u00eda hab\u00eda levantado las \u00f3rdenes a 31 miembros del ELN, entre ellos los miembros de su c\u00fapula, <em><strong>alias &#8216;Antonio Garc\u00eda&#8217;, &#8216;Pablo Beltr\u00e1n&#8217; o &#8216;Aureliano Carbonell&#8217;<\/strong><\/em>, para que en noviembre de 2022 se reanudaran las negociaciones de paz con el Gobierno de Gustavo Petro.<\/p>\n\n\n\n<p>Sin embargo, las negociaciones, que estaban congeladas desde hace meses por las desavenencias entre las partes, se suspendieron el viernes por orden de Petro despu\u00e9s de que el ELN emprendiera el d\u00eda anterior una ofensiva contra una disidencia de las FARC en el Catatumbo que ha dejado m\u00e1s de 80 muertos, incluidos l\u00edderes sociales y firmantes de paz, y ha provocado el desplazamiento de 32.000 personas, adem\u00e1s de secuestros y confinamientos.<\/p>\n\n\n\n<p><strong><em><mark style=\"background-color:rgba(0, 0, 0, 0)\" class=\"has-inline-color has-vivid-red-color\">Por \u00abla gravedad de los actos criminales\u00bb en el Catatumbo<\/mark><\/em><\/strong><\/p>\n\n\n\n<p>La revocaci\u00f3n de los beneficios de suspensi\u00f3n de las \u00f3rdenes de captura, seg\u00fan la Fiscal\u00eda, responde a \u00abla gravedad de los actos criminales\u00bb perpetrados por la guerrilla.<\/p>\n\n\n\n<p>\u00abLa violencia desatada desde el pasado 16 de enero, que origin\u00f3 la actual tragedia humanitaria y m\u00faltiples delitos, adem\u00e1s de mantener en riesgo la vida e integridad de la poblaci\u00f3n civil, l\u00edderes sociales, firmantes del acuerdo de paz y sus familiares, se la atribuy\u00f3 en la red social X el ELN a trav\u00e9s de uno de sus m\u00e1ximos jefes, Eli\u00e9cer Herlinto Chamorro Acosta, alias &#8216;Antonio Garc\u00eda'\u00bb, explic\u00f3 el ente acusador en un comunicado.<\/p>\n\n\n\n<p>La defensora del pueblo, Iris Mar\u00edn, se\u00f1al\u00f3 la v\u00edspera que el n\u00famero de desplazados tras seis d\u00edas de ofensiva ascendi\u00f3 a 32.000, con la mitad de ellos en C\u00facuta, la capital del departamento de Norte de Santander, al que pertenece el Catatumbo, zona que tambi\u00e9n comparte frontera con Venezuela.<\/p>\n\n\n\n<p>Con informaci\u00f3n <strong><em><mark style=\"background-color:rgba(0, 0, 0, 0)\" class=\"has-inline-color has-vivid-red-color\">AFP<\/mark><\/em><\/strong><\/p>\n","protected":false},"excerpt":{"rendered":"<p>\u00abEl incumplimiento de las condiciones para la suspensi\u00f3n de las \u00f3rdenes de captura y, en especial, la comisi\u00f3n de nuevos delitos por parte de miembros del ELN, da lugar a reactivar las \u00f3rdenes de captura suspendidas en su momento por solicitud del presidente\u00bb, se\u00f1ala una resoluci\u00f3n emitida por la fiscal general de Colombia, Luz Adriana [&hellip;]<\/p>\n","protected":false},"author":33,"featured_media":264619,"comment_status":"closed","ping_status":"closed","sticky":false,"template":"","format":"standard","meta":{"footnotes":""},"categories":[5,8],"tags":[397,396],"class_list":{"0":"post-264618","1":"post","2":"type-post","3":"status-publish","4":"format-standard","5":"has-post-thumbnail","7":"category-destacado","8":"category-internacionales","9":"tag-colombia","10":"tag-eln"},"_links":{"self":[{"href":"https:\/\/elluchador.info\/index.php?rest_route=\/wp\/v2\/posts\/264618","targetHints":{"allow":["GET"]}}],"collection":[{"href":"https:\/\/elluchador.info\/index.php?rest_route=\/wp\/v2\/posts"}],"about":[{"href":"https:\/\/elluchador.info\/index.php?rest_route=\/wp\/v2\/types\/post"}],"author":[{"embeddable":true,"href":"https:\/\/elluchador.info\/index.php?rest_route=\/wp\/v2\/users\/33"}],"replies":[{"embeddable":true,"href":"https:\/\/elluchador.info\/index.php?rest_route=%2Fwp%2Fv2%2Fcomments&post=264618"}],"version-history":[{"count":1,"href":"https:\/\/elluchador.info\/index.php?rest_route=\/wp\/v2\/posts\/264618\/revisions"}],"predecessor-version":[{"id":264620,"href":"https:\/\/elluchador.info\/index.php?rest_route=\/wp\/v2\/posts\/264618\/revisions\/264620"}],"wp:featuredmedia":[{"embeddable":true,"href":"https:\/\/elluchador.info\/index.php?rest_route=\/wp\/v2\/media\/264619"}],"wp:attachment":[{"href":"https:\/\/elluchador.info\/index.php?rest_route=%2Fwp%2Fv2%2Fmedia&parent=264618"}],"wp:term":[{"taxonomy":"category","embeddable":true,"href":"https:\/\/elluchador.info\/index.php?rest_route=%2Fwp%2Fv2%2Fcategories&post=264618"},{"taxonomy":"post_tag","embeddable":true,"href":"https:\/\/elluchador.info\/index.php?rest_route=%2Fwp%2Fv2%2Ftags&post=264618"}],"curies":[{"name":"wp","href":"https:\/\/api.w.org\/{rel}","templated":true}]}}