{"id":264624,"date":"2025-01-22T16:32:29","date_gmt":"2025-01-22T20:32:29","guid":{"rendered":"https:\/\/elluchador.info\/?p=264624"},"modified":"2025-01-22T16:32:34","modified_gmt":"2025-01-22T20:32:34","slug":"instalada-comision-de-actividades-economicas-productivas-del-cleb","status":"publish","type":"post","link":"https:\/\/elluchador.info\/?p=264624","title":{"rendered":"Instalada comisi\u00f3n de Actividades econ\u00f3micas productivas del Cleb"},"content":{"rendered":"\n<p>\u200eHoy se instal\u00f3 la Comisi\u00f3n de Actividad Econ\u00f3mica Productiva del Consejo Legislativo del Estado de Bol\u00edvar con el prop\u00f3sito de hacer un an\u00e1lisis de c\u00f3mo desde la comisi\u00f3n se pueda apoyar a la reactivaci\u00f3n econ\u00f3mica de la regi\u00f3n.<br>\u200e<br>\u200eRachid Yasbek, presidente de la subcomisi\u00f3n de Agro en Industrias explic\u00f3 que durante este periodo constitucional continuar\u00e1n dando promoci\u00f3n a las leyes de emprendimiento, caf\u00e9 y Cacao.<br>\u200e<br>\u200e\u201cEn este periodo 2025, se crearon dos subcomisiones, la subcomisi\u00f3n de Comercio y la subcomisi\u00f3n de Agro e Industrias encargadas de hacer evaluaciones, propuestas y reuniones con los sectores productivos que pudieran de alguna manera dar un reimpulso a la regi\u00f3n\u201d.<br>\u200e<br>\u200eResalt\u00f3 que Bol\u00edvar se encuentra muy deprimida, pero es una regi\u00f3n que tiene una infraestructura importante tanto para la regi\u00f3n como para el pa\u00eds y de alguna manera trabajan en reactivarla.<br>\u200e<br>\u200ePor lo tanto, se ve la importancia que tendr\u00e1n en ese trabajo de hacer evaluaciones, propuestas, reuniones con los sectores productivos de la regi\u00f3n en este primer periodo.<br>\u200e<br>\u200eEl diputado Wilfredo Villalba es el presidente de la Comisi\u00f3n, mientras que la subcomisi\u00f3n de agro e industrias est\u00e1 presidida por el legislador Rachid Yasbek.<br>\u200e<br>\u200e\u201cQueremos darle esa visi\u00f3n de reimpulso y de ver c\u00f3mo podemos con el sector privado y el sector p\u00fablico poder hacer un arranque importante para la regi\u00f3n Guayana que necesita mucha inversi\u00f3n, pero siempre es importante hacer una evaluaci\u00f3n de lo que hay para ver hacia d\u00f3nde podemos ir\u201d.<br>\u200e<br><strong>\u200eTrabajar para vincular sector productivo<\/strong><\/p>\n\n\n\n<p>\u200eWilfredo Villalba, presidente de la comisi\u00f3n de Econom\u00eda Productiva del Consejo Legislativo del estado Bol\u00edvar indic\u00f3 que en principio retomar\u00e1n\u00a0 dos leyes importantes de la actividad productiva en todo Bol\u00edvar y en segundo lugar buscar\u00e1n vincularlas al plan productivo que ha anunciado por el presidente.<br>\u200e<br>\u200e\u201cEn los espacios del municipio bolivariano de Angostura como referencia para la actividad productiva de los once municipios igualmente nos vamos a incorporar en el plan de siembra 2025 del ma\u00edz\u201d.<br>\u200e<br>\u200eDe igual manera anunci\u00f3 que se trasladar\u00e1n al municipio Caron\u00ed con el plan especial de siembra de las semillas del ma\u00edz, toda vez que cuentan con una experiencia significativa en cuatro parroquias del referido municipio: Pozo Verde, Yocoima, 5 de Julio y Chirica, alegando que esa experiencia quieren trasladarla a los otros municipios productivos.<br>\u200e<br><strong><mark style=\"background-color:rgba(0, 0, 0, 0)\" class=\"has-inline-color has-luminous-vivid-orange-color\">\u200ePJ Bol\u00edvar<\/mark><\/strong><\/p>\n","protected":false},"excerpt":{"rendered":"<p>\u200eHoy se instal\u00f3 la Comisi\u00f3n de Actividad Econ\u00f3mica Productiva del Consejo Legislativo del Estado de Bol\u00edvar con el prop\u00f3sito de hacer un an\u00e1lisis de c\u00f3mo desde la comisi\u00f3n se pueda apoyar a la reactivaci\u00f3n econ\u00f3mica de la regi\u00f3n.\u200e\u200eRachid Yasbek, presidente de la subcomisi\u00f3n de Agro en Industrias explic\u00f3 que durante este periodo constitucional continuar\u00e1n dando [&hellip;]<\/p>\n","protected":false},"author":33,"featured_media":264625,"comment_status":"closed","ping_status":"closed","sticky":false,"template":"","format":"standard","meta":{"footnotes":""},"categories":[12],"tags":[185],"class_list":{"0":"post-264624","1":"post","2":"type-post","3":"status-publish","4":"format-standard","5":"has-post-thumbnail","7":"category-regionales","8":"tag-bolivar"},"_links":{"self":[{"href":"https:\/\/elluchador.info\/index.php?rest_route=\/wp\/v2\/posts\/264624","targetHints":{"allow":["GET"]}}],"collection":[{"href":"https:\/\/elluchador.info\/index.php?rest_route=\/wp\/v2\/posts"}],"about":[{"href":"https:\/\/elluchador.info\/index.php?rest_route=\/wp\/v2\/types\/post"}],"author":[{"embeddable":true,"href":"https:\/\/elluchador.info\/index.php?rest_route=\/wp\/v2\/users\/33"}],"replies":[{"embeddable":true,"href":"https:\/\/elluchador.info\/index.php?rest_route=%2Fwp%2Fv2%2Fcomments&post=264624"}],"version-history":[{"count":1,"href":"https:\/\/elluchador.info\/index.php?rest_route=\/wp\/v2\/posts\/264624\/revisions"}],"predecessor-version":[{"id":264626,"href":"https:\/\/elluchador.info\/index.php?rest_route=\/wp\/v2\/posts\/264624\/revisions\/264626"}],"wp:featuredmedia":[{"embeddable":true,"href":"https:\/\/elluchador.info\/index.php?rest_route=\/wp\/v2\/media\/264625"}],"wp:attachment":[{"href":"https:\/\/elluchador.info\/index.php?rest_route=%2Fwp%2Fv2%2Fmedia&parent=264624"}],"wp:term":[{"taxonomy":"category","embeddable":true,"href":"https:\/\/elluchador.info\/index.php?rest_route=%2Fwp%2Fv2%2Fcategories&post=264624"},{"taxonomy":"post_tag","embeddable":true,"href":"https:\/\/elluchador.info\/index.php?rest_route=%2Fwp%2Fv2%2Ftags&post=264624"}],"curies":[{"name":"wp","href":"https:\/\/api.w.org\/{rel}","templated":true}]}}