{"id":264687,"date":"2025-01-23T11:45:12","date_gmt":"2025-01-23T15:45:12","guid":{"rendered":"https:\/\/elluchador.info\/?p=264687"},"modified":"2025-01-23T11:45:15","modified_gmt":"2025-01-23T15:45:15","slug":"venezuela-y-chile-se-miden-este-jueves-en-el-inicio-del-sudamericano-sub20","status":"publish","type":"post","link":"https:\/\/elluchador.info\/?p=264687","title":{"rendered":"Venezuela y Chile se miden este jueves en el inicio del Sudamericano Sub20"},"content":{"rendered":"\n<p>El Sudamericano Sub-20 iniciar\u00e1 este jueves en el Estadio Metropolitano de Lara, ubicado en Cabudare; y la Vinotinto ser\u00e1 una de las selecciones que inauguren el torneo, al enfrentarse contra Chile a partir de las 7:30 p.m., hora venezolana, rese\u00f1an medios deportivos.&nbsp;<\/p>\n\n\n\n<p>Los criollos conforman el Grupo A del certamen junto a las selecciones de Chile, Uruguay, Per\u00fa y Paraguay. Debido a esto, el cronograma del equipo venezolano se enfrentar\u00e1 el pr\u00f3ximo 25 de enero contra Per\u00fa, el 29 ante Paraguay y el cierre de la primera fase con Uruguay, el 31 de enero.<\/p>\n\n\n\n<p>La primera ronda del torneo se jugar\u00e1 en dos recintos, el mencionado de Lara y el Polideportivo Misael Delgado ubicado en Valencia, estado Carabobo; en el que participar\u00e1n los equipos del Grupo B: Argentina, Brasil, Bolivia, Colombia y Ecuador. Esta edici\u00f3n contempla que, una vez terminada la primera fase, el certamen se traslade a los recintos: Estadio Jos\u00e9 Antonio Anzo\u00e1tegui, de Puerto La Cruz; as\u00ed como el Estadio Br\u00edgido Iriarte y Estadio Ol\u00edmpico de la Universidad Central de Venezuela, ambos ubicados en Caracas.<\/p>\n\n\n\n<p>Ante todo,&nbsp;la Vinotinto&nbsp;pretende alcanzar su tercera clasificaci\u00f3n mundialista en esta categor\u00eda, desde las anteriores en 2009 (la primera en la historia de un equipo venezolano en FIFA) y 2017, edici\u00f3n de la Copa del Mundo en la cual Venezuela se qued\u00f3 con el segundo lugar.&nbsp;<\/p>\n\n\n\n<p>Por su parte, la selecci\u00f3n nacional de f\u00fatbol se enfrentar\u00e1 a Ecuador durante el pr\u00f3ximo 20 de marzo, y a Per\u00fa el 25 de marzo, en el contexto de las Eliminatorias para el Mundial de 2026.<\/p>\n\n\n\n<p><strong><em>Con informaci\u00f3n de Meridiano<\/em><\/strong><a href=\"https:\/\/www.vtv.gob.ve\/sudamericano-sub20-duelo-venezuela-chile-lara\/\"><\/a><\/p>\n","protected":false},"excerpt":{"rendered":"<p>El Sudamericano Sub-20 iniciar\u00e1 este jueves en el Estadio Metropolitano de Lara, ubicado en Cabudare; y la Vinotinto ser\u00e1 una de las selecciones que inauguren el torneo, al enfrentarse contra Chile a partir de las 7:30 p.m., hora venezolana, rese\u00f1an medios deportivos.&nbsp; Los criollos conforman el Grupo A del certamen junto a las selecciones de [&hellip;]<\/p>\n","protected":false},"author":2,"featured_media":264688,"comment_status":"closed","ping_status":"closed","sticky":false,"template":"","format":"standard","meta":{"footnotes":""},"categories":[1,4],"tags":[],"class_list":{"0":"post-264687","1":"post","2":"type-post","3":"status-publish","4":"format-standard","5":"has-post-thumbnail","7":"category-deporte","8":"category-deportes"},"_links":{"self":[{"href":"https:\/\/elluchador.info\/index.php?rest_route=\/wp\/v2\/posts\/264687","targetHints":{"allow":["GET"]}}],"collection":[{"href":"https:\/\/elluchador.info\/index.php?rest_route=\/wp\/v2\/posts"}],"about":[{"href":"https:\/\/elluchador.info\/index.php?rest_route=\/wp\/v2\/types\/post"}],"author":[{"embeddable":true,"href":"https:\/\/elluchador.info\/index.php?rest_route=\/wp\/v2\/users\/2"}],"replies":[{"embeddable":true,"href":"https:\/\/elluchador.info\/index.php?rest_route=%2Fwp%2Fv2%2Fcomments&post=264687"}],"version-history":[{"count":1,"href":"https:\/\/elluchador.info\/index.php?rest_route=\/wp\/v2\/posts\/264687\/revisions"}],"predecessor-version":[{"id":264689,"href":"https:\/\/elluchador.info\/index.php?rest_route=\/wp\/v2\/posts\/264687\/revisions\/264689"}],"wp:featuredmedia":[{"embeddable":true,"href":"https:\/\/elluchador.info\/index.php?rest_route=\/wp\/v2\/media\/264688"}],"wp:attachment":[{"href":"https:\/\/elluchador.info\/index.php?rest_route=%2Fwp%2Fv2%2Fmedia&parent=264687"}],"wp:term":[{"taxonomy":"category","embeddable":true,"href":"https:\/\/elluchador.info\/index.php?rest_route=%2Fwp%2Fv2%2Fcategories&post=264687"},{"taxonomy":"post_tag","embeddable":true,"href":"https:\/\/elluchador.info\/index.php?rest_route=%2Fwp%2Fv2%2Ftags&post=264687"}],"curies":[{"name":"wp","href":"https:\/\/api.w.org\/{rel}","templated":true}]}}