{"id":264690,"date":"2025-01-23T11:58:06","date_gmt":"2025-01-23T15:58:06","guid":{"rendered":"https:\/\/elluchador.info\/?p=264690"},"modified":"2025-01-23T11:58:10","modified_gmt":"2025-01-23T15:58:10","slug":"emilia-perez-lidera-nominaciones-al-oscar-2025","status":"publish","type":"post","link":"https:\/\/elluchador.info\/?p=264690","title":{"rendered":"Emilia P\u00e9rez lidera nominaciones al \u00d3scar 2025"},"content":{"rendered":"\n<p>\u2018Emilia P\u00e9rez\u2019, la historia de una narcotraficante mexicana que se transforma en mujer y comienza una nueva vida, obtuvo 13 nominaciones en los premios de la Academia.<\/p>\n\n\n\n<p>El largometraje est\u00e1 protagonizado por la espa\u00f1ola Karla Sof\u00eda Gasc\u00f3n, quien se convirti\u00f3 este 23 de enero en la primera mujer transg\u00e9nero en ser nominada a los \u00d3scar, en la categor\u00eda de mejor actriz.<\/p>\n\n\n\n<p>La dominicana Zoe Salda\u00f1a fue nominada a mejor actriz de reparto, tambi\u00e9n por&nbsp; su participaci\u00f3n en esa pel\u00edcula.<\/p>\n\n\n\n<p><strong>\u2018Emilia P\u00e9rez\u2019 se posiciona adem\u00e1s como la pel\u00edcula de habla no inglesa con mayor n\u00famero de nominaciones en la historia de estos galardones.<\/strong><\/p>\n\n\n\n<p>Entretanto, el largometraje \u2018The Brutalist\u2019, sobre una sobreviviente del Holocausto que persigue el sue\u00f1o americano, y la precuela de \u2018El mago de Oz\u2019, \u2018Wicked\u2019, obtuvieron 10 nominaciones cada una.<\/p>\n\n\n\n<p>Las tres obras cinematogr\u00e1ficas competir\u00e1n por el codiciado trofeo a la mejor pel\u00edcula en la ceremonia de los \u00d3scar, cuyos&nbsp;<strong>ganadores ser\u00e1n anunciados en Hollywood, el pr\u00f3ximo 2 de marzo.<\/strong><\/p>\n\n\n\n<p><strong>En los pasados premios Emmy, considerados la antesala de los \u00d3scar, &#8216;Emilia P\u00e9rez&#8217; y &#8216;The&nbsp;<\/strong><strong>Brutalist&#8217; se impusieron como las grandes ganadoras,<\/strong>&nbsp;incluido el premio a Zoe Saldana como mejor actriz de reparto.<\/p>\n\n\n\n<p>Las otras pel\u00edculas nominadas fueron el \u00e9xito de taquilla de ciencia ficci\u00f3n &#8216;Dune: Parte 2&#8217;, el docudrama pol\u00edtico brasile\u00f1o &#8216;I&#8217;m Still Here&#8217;, el drama racial &#8216;Nickel Boys&#8217; y la pel\u00edcula de terror &#8216;The Substance&#8217;.<\/p>\n\n\n\n<h2 class=\"wp-block-heading\"><strong>Lista de nominados en las principales categor\u00edas&nbsp;para la 97\u00aa edici\u00f3n de los \u00d3scar<\/strong><\/h2>\n\n\n\n<ul class=\"wp-block-list\">\n<li><strong>Mejor pel\u00edcula<\/strong><\/li>\n<\/ul>\n\n\n\n<p>&#8216;Anora&#8217;<\/p>\n\n\n\n<p>&#8216;The Brutalist&#8217;<\/p>\n\n\n\n<p>&#8216;A Complete Unknown&#8217;<\/p>\n\n\n\n<p>&#8216;Conclave&#8217;<\/p>\n\n\n\n<p>&#8216;Dune: Part Two&#8217;<\/p>\n\n\n\n<p>&#8216;Emilia P\u00e9rez&#8217;<\/p>\n\n\n\n<p>&#8216;I&#8217;m Still Here&#8217;<\/p>\n\n\n\n<p>&#8216;Nickel Boys&#8217;<\/p>\n\n\n\n<p>&#8216;The Substance&#8217;<\/p>\n\n\n\n<p>&#8216;Wicked&#8217;<\/p>\n\n\n\n<ul class=\"wp-block-list\">\n<li><strong>Mejor actor<\/strong><\/li>\n<\/ul>\n\n\n\n<p>Adrien Brody, &#8216;The Brutalist&#8217;<\/p>\n\n\n\n<p>Timoth\u00e9e Chalamet, &#8216;A Complete Unknown&#8217;<\/p>\n\n\n\n<p>Colman Domingo, &#8216;Sing Sing&#8217;<\/p>\n\n\n\n<p>Ralph Fiennes, &#8216;Conclave&#8217;<\/p>\n\n\n\n<p>Sebastian Stan, &#8216;The Apprentice&#8217;<\/p>\n\n\n\n<ul class=\"wp-block-list\">\n<li><strong>Mejor actriz<\/strong><\/li>\n<\/ul>\n\n\n\n<p>Cynthia Erivo, &#8216;Wicked&#8217;<\/p>\n\n\n\n<p>Karla Sofia Gascon, &#8216;Emilia P\u00e9rez&#8217;<\/p>\n\n\n\n<p>Mikey Madison, &#8216;Anora&#8217;<\/p>\n\n\n\n<p>Demi Moore, &#8216;The Substance&#8217;<\/p>\n\n\n\n<p>Fernanda Torres, &#8216;I&#8217;m Still Here&#8217;<\/p>\n\n\n\n<ul class=\"wp-block-list\">\n<li><strong>Mejor director<\/strong><\/li>\n<\/ul>\n\n\n\n<p>Sean Baker, &#8216;Anora&#8217;<\/p>\n\n\n\n<p>Brady Corbet, &nbsp;&#8216;The Brutalist&#8217;<\/p>\n\n\n\n<p>James Mangold, &#8216;A Complete Unknown&#8217;<\/p>\n\n\n\n<p>Jacques Audiard, &#8216;Emilia P\u00e9rez&#8217;<\/p>\n\n\n\n<p>Coralie Fargeat, &#8216;The Substance&#8217;<\/p>\n\n\n\n<h2 class=\"wp-block-heading\"><strong>Nominaciones a los \u00d3scar llegan tras aplazamientos por incendios en California<\/strong><\/h2>\n\n\n\n<p>Las nominaciones para los m\u00e1ximos honores de la industria cinematogr\u00e1fica en Estados Unidos se pospusieron en dos ocasiones en las \u00faltimas semanas, mientras Los \u00c1ngeles lidiaba con los incendios forestales que devastaron partes de la ciudad este mes. &nbsp;<\/p>\n\n\n\n<p>Adem\u00e1s, varias celebraciones de alfombra roja se han pospuesto o cancelado por el desastre que deja al menos 25 muertos y cientos de hogares arrasados por las llamas, incluidos los de conocidas estrellas de Hollywood.<\/p>\n\n\n\n<p>Ante ese panorama, los organizadores subrayaron que&nbsp;<strong>la ceremonia de entrega de los galardones se llevar\u00e1 a cabo como una&nbsp;celebraci\u00f3n del cine y expresi\u00f3n de resiliencia de Los \u00c1ngeles.<\/strong><\/p>\n\n\n\n<p>\u00abHonraremos a los talentosos cineastas nominados hoy, rendiremos homenaje a nuestros valientes socorristas y celebraremos el esp\u00edritu perdurable de Los \u00c1ngeles y la industria cinematogr\u00e1fica\u00bb, afirm\u00f3 Bill Kramer, director ejecutivo de la Academia de Artes y Ciencias Cinematogr\u00e1ficas, justo antes de que se anunciaran las nominaciones.<\/p>\n\n\n\n<p><strong>Los ganadores de las estatuillas doradas del Oscar ser\u00e1n elegidos por los aproximadamente 11.000 actores, productores, directores y artesanos cinematogr\u00e1fico<\/strong>s que conforman la academia de cine.<\/p>\n\n\n\n<p><em><strong>Con informaci\u00f3n de France 24.<\/strong><\/em><\/p>\n","protected":false},"excerpt":{"rendered":"<p>\u2018Emilia P\u00e9rez\u2019, la historia de una narcotraficante mexicana que se transforma en mujer y comienza una nueva vida, obtuvo 13 nominaciones en los premios de la Academia. El largometraje est\u00e1 protagonizado por la espa\u00f1ola Karla Sof\u00eda Gasc\u00f3n, quien se convirti\u00f3 este 23 de enero en la primera mujer transg\u00e9nero en ser nominada a los \u00d3scar, [&hellip;]<\/p>\n","protected":false},"author":2,"featured_media":264692,"comment_status":"closed","ping_status":"closed","sticky":false,"template":"","format":"standard","meta":{"footnotes":""},"categories":[7],"tags":[],"class_list":{"0":"post-264690","1":"post","2":"type-post","3":"status-publish","4":"format-standard","5":"has-post-thumbnail","7":"category-entretenimiento"},"_links":{"self":[{"href":"https:\/\/elluchador.info\/index.php?rest_route=\/wp\/v2\/posts\/264690","targetHints":{"allow":["GET"]}}],"collection":[{"href":"https:\/\/elluchador.info\/index.php?rest_route=\/wp\/v2\/posts"}],"about":[{"href":"https:\/\/elluchador.info\/index.php?rest_route=\/wp\/v2\/types\/post"}],"author":[{"embeddable":true,"href":"https:\/\/elluchador.info\/index.php?rest_route=\/wp\/v2\/users\/2"}],"replies":[{"embeddable":true,"href":"https:\/\/elluchador.info\/index.php?rest_route=%2Fwp%2Fv2%2Fcomments&post=264690"}],"version-history":[{"count":1,"href":"https:\/\/elluchador.info\/index.php?rest_route=\/wp\/v2\/posts\/264690\/revisions"}],"predecessor-version":[{"id":264693,"href":"https:\/\/elluchador.info\/index.php?rest_route=\/wp\/v2\/posts\/264690\/revisions\/264693"}],"wp:featuredmedia":[{"embeddable":true,"href":"https:\/\/elluchador.info\/index.php?rest_route=\/wp\/v2\/media\/264692"}],"wp:attachment":[{"href":"https:\/\/elluchador.info\/index.php?rest_route=%2Fwp%2Fv2%2Fmedia&parent=264690"}],"wp:term":[{"taxonomy":"category","embeddable":true,"href":"https:\/\/elluchador.info\/index.php?rest_route=%2Fwp%2Fv2%2Fcategories&post=264690"},{"taxonomy":"post_tag","embeddable":true,"href":"https:\/\/elluchador.info\/index.php?rest_route=%2Fwp%2Fv2%2Ftags&post=264690"}],"curies":[{"name":"wp","href":"https:\/\/api.w.org\/{rel}","templated":true}]}}