{"id":264704,"date":"2025-01-23T13:27:58","date_gmt":"2025-01-23T17:27:58","guid":{"rendered":"https:\/\/elluchador.info\/?p=264704"},"modified":"2025-01-23T13:33:42","modified_gmt":"2025-01-23T17:33:42","slug":"maduro-y-pedro-acuerdan-reunion-de-defensa-para-erradicar-bandas-armadas-en-la-frontera","status":"publish","type":"post","link":"https:\/\/elluchador.info\/?p=264704","title":{"rendered":"Maduro y Petro acuerdan reuni\u00f3n de Defensa \u201cpara erradicar bandas armadas en la frontera\u201d"},"content":{"rendered":"\n<p>Los presidentes de Venezuela y Colombia, Nicol\u00e1s Maduro y Gustavo Petro, respectivamente, conversaron sobre la crisis fronteriza originada por el conflicto armado entre la guerrilla del ELN y disidencias de las Farc, lo cual ha dejado m\u00e1s de mil desplazados colombianos en territorio venezolano a trav\u00e9s del R\u00edo Catatumbo.<\/p>\n\n\n\n<p>El mandatario colombiano dio a conocer la informaci\u00f3n en la red social X. Pero explic\u00f3 que ha estado en conversaci\u00f3n con su hom\u00f3logo venezolano, ordenando a los ministros de defensa de ambas naciones reunirse y establecer \u201cun plan conjunto de erradicaci\u00f3n de bandas armadas en la frontera\u201d.<\/p>\n\n\n\n<p>\u201cHe dialogado con quien ejerce la presidencia en Venezuela, Nicol\u00e1s Maduro, para&nbsp;&nbsp;tapar los pasos ilegales, especialmente en el r\u00edo Catatumbo, y se accione con vuelos de lado y lado, contamos con la presencia de 1.580 connacionales en campamento de refugiados del otro lado\u201d, detall\u00f3 Petro en el comunicado.<\/p>\n\n\n\n<p>Se construye un plan de acci\u00f3n, conjunto que&nbsp;&nbsp;busca cerrar todo espacio de acci\u00f3n de los due\u00f1os del narcotr\u00e1fico en la frontera. Se har\u00e1 reuni\u00f3n de los dos ministros&nbsp;&nbsp;de defensa para el efecto.<\/p>\n\n\n\n<p><strong><em>Con informaci\u00f3n de medios.<\/em><\/strong><\/p>\n","protected":false},"excerpt":{"rendered":"<p>Los presidentes de Venezuela y Colombia, Nicol\u00e1s Maduro y Gustavo Petro, respectivamente, conversaron sobre la crisis fronteriza originada por el conflicto armado entre la guerrilla del ELN y disidencias de las Farc, lo cual ha dejado m\u00e1s de mil desplazados colombianos en territorio venezolano a trav\u00e9s del R\u00edo Catatumbo. El mandatario colombiano dio a conocer [&hellip;]<\/p>\n","protected":false},"author":2,"featured_media":264703,"comment_status":"closed","ping_status":"closed","sticky":false,"template":"","format":"standard","meta":{"footnotes":""},"categories":[11],"tags":[],"class_list":{"0":"post-264704","1":"post","2":"type-post","3":"status-publish","4":"format-standard","5":"has-post-thumbnail","7":"category-politica"},"_links":{"self":[{"href":"https:\/\/elluchador.info\/index.php?rest_route=\/wp\/v2\/posts\/264704","targetHints":{"allow":["GET"]}}],"collection":[{"href":"https:\/\/elluchador.info\/index.php?rest_route=\/wp\/v2\/posts"}],"about":[{"href":"https:\/\/elluchador.info\/index.php?rest_route=\/wp\/v2\/types\/post"}],"author":[{"embeddable":true,"href":"https:\/\/elluchador.info\/index.php?rest_route=\/wp\/v2\/users\/2"}],"replies":[{"embeddable":true,"href":"https:\/\/elluchador.info\/index.php?rest_route=%2Fwp%2Fv2%2Fcomments&post=264704"}],"version-history":[{"count":2,"href":"https:\/\/elluchador.info\/index.php?rest_route=\/wp\/v2\/posts\/264704\/revisions"}],"predecessor-version":[{"id":264706,"href":"https:\/\/elluchador.info\/index.php?rest_route=\/wp\/v2\/posts\/264704\/revisions\/264706"}],"wp:featuredmedia":[{"embeddable":true,"href":"https:\/\/elluchador.info\/index.php?rest_route=\/wp\/v2\/media\/264703"}],"wp:attachment":[{"href":"https:\/\/elluchador.info\/index.php?rest_route=%2Fwp%2Fv2%2Fmedia&parent=264704"}],"wp:term":[{"taxonomy":"category","embeddable":true,"href":"https:\/\/elluchador.info\/index.php?rest_route=%2Fwp%2Fv2%2Fcategories&post=264704"},{"taxonomy":"post_tag","embeddable":true,"href":"https:\/\/elluchador.info\/index.php?rest_route=%2Fwp%2Fv2%2Ftags&post=264704"}],"curies":[{"name":"wp","href":"https:\/\/api.w.org\/{rel}","templated":true}]}}