{"id":264933,"date":"2025-01-25T11:50:57","date_gmt":"2025-01-25T15:50:57","guid":{"rendered":"https:\/\/elluchador.info\/?p=264933"},"modified":"2025-01-25T11:51:00","modified_gmt":"2025-01-25T15:51:00","slug":"andrea-bocelli-se-presentara-en-venezuela-este-22feb","status":"publish","type":"post","link":"https:\/\/elluchador.info\/?p=264933","title":{"rendered":"Andrea Bocelli se presentar\u00e1 en Venezuela este 22Feb"},"content":{"rendered":"\n<p>Tras 16 a\u00f1os, uno de los tenores m\u00e1s grandes de todos los tiempos, regresa a Venezuela para ofrecer un espect\u00e1culo el pr\u00f3ximo mes del a\u00f1o en curso.<\/p>\n\n\n\n<p>El cantante y compositor italiano Andrea Bocelli se presentar\u00e1 en el Estadio Monumental Sim\u00f3n Bol\u00edvar en Caracas, el pr\u00f3ximo 22 de febrero, seg\u00fan confirma la productora Invershow.<\/p>\n\n\n\n<p>El tenor estar\u00e1 acompa\u00f1ado por la Orquesta Sinf\u00f3nica Sim\u00f3n Bol\u00edvar de Venezuela y la Coral Nacional Sim\u00f3n Bol\u00edvar, quienes brindar\u00e1n un concierto donde cada nota ser\u00e1 una obra maestra.<\/p>\n\n\n<div class=\"wp-block-image\">\n<figure class=\"aligncenter size-large is-resized\"><img loading=\"lazy\" decoding=\"async\" width=\"822\" height=\"1024\" src=\"https:\/\/elluchador.info\/wp-content\/uploads\/2025\/01\/SaveClip.App_474909143_18485358910033883_2214872461930133619_n-1-822x1024.jpg\" alt=\"\" class=\"wp-image-264934\" style=\"width:532px;height:auto\" srcset=\"https:\/\/elluchador.info\/wp-content\/uploads\/2025\/01\/SaveClip.App_474909143_18485358910033883_2214872461930133619_n-1-822x1024.jpg 822w, https:\/\/elluchador.info\/wp-content\/uploads\/2025\/01\/SaveClip.App_474909143_18485358910033883_2214872461930133619_n-1-241x300.jpg 241w, https:\/\/elluchador.info\/wp-content\/uploads\/2025\/01\/SaveClip.App_474909143_18485358910033883_2214872461930133619_n-1-768x957.jpg 768w, https:\/\/elluchador.info\/wp-content\/uploads\/2025\/01\/SaveClip.App_474909143_18485358910033883_2214872461930133619_n-1-150x187.jpg 150w, https:\/\/elluchador.info\/wp-content\/uploads\/2025\/01\/SaveClip.App_474909143_18485358910033883_2214872461930133619_n-1-300x374.jpg 300w, https:\/\/elluchador.info\/wp-content\/uploads\/2025\/01\/SaveClip.App_474909143_18485358910033883_2214872461930133619_n-1-696x867.jpg 696w, https:\/\/elluchador.info\/wp-content\/uploads\/2025\/01\/SaveClip.App_474909143_18485358910033883_2214872461930133619_n-1-1068x1331.jpg 1068w, https:\/\/elluchador.info\/wp-content\/uploads\/2025\/01\/SaveClip.App_474909143_18485358910033883_2214872461930133619_n-1.jpg 1080w\" sizes=\"auto, (max-width: 822px) 100vw, 822px\" \/><\/figure>\n<\/div>\n\n\n<p>Entradas a la venta en www.mitickera.com, en la taquilla CCCT Nivel C2, Restaurant Camil Deli, Metropark y CASHEA \ud83c\udfab<\/p>\n\n\n\n<p>Con informaci\u00f3n <strong><em><mark style=\"background-color:rgba(0, 0, 0, 0)\" class=\"has-inline-color has-vivid-purple-color\">NTT<\/mark><\/em><\/strong><\/p>\n","protected":false},"excerpt":{"rendered":"<p>Tras 16 a\u00f1os, uno de los tenores m\u00e1s grandes de todos los tiempos, regresa a Venezuela para ofrecer un espect\u00e1culo el pr\u00f3ximo mes del a\u00f1o en curso. El cantante y compositor italiano Andrea Bocelli se presentar\u00e1 en el Estadio Monumental Sim\u00f3n Bol\u00edvar en Caracas, el pr\u00f3ximo 22 de febrero, seg\u00fan confirma la productora Invershow. El [&hellip;]<\/p>\n","protected":false},"author":33,"featured_media":264935,"comment_status":"closed","ping_status":"closed","sticky":false,"template":"","format":"standard","meta":{"footnotes":""},"categories":[7],"tags":[2913,105],"class_list":{"0":"post-264933","1":"post","2":"type-post","3":"status-publish","4":"format-standard","5":"has-post-thumbnail","7":"category-entretenimiento","8":"tag-bocelli","9":"tag-venezuela"},"_links":{"self":[{"href":"https:\/\/elluchador.info\/index.php?rest_route=\/wp\/v2\/posts\/264933","targetHints":{"allow":["GET"]}}],"collection":[{"href":"https:\/\/elluchador.info\/index.php?rest_route=\/wp\/v2\/posts"}],"about":[{"href":"https:\/\/elluchador.info\/index.php?rest_route=\/wp\/v2\/types\/post"}],"author":[{"embeddable":true,"href":"https:\/\/elluchador.info\/index.php?rest_route=\/wp\/v2\/users\/33"}],"replies":[{"embeddable":true,"href":"https:\/\/elluchador.info\/index.php?rest_route=%2Fwp%2Fv2%2Fcomments&post=264933"}],"version-history":[{"count":1,"href":"https:\/\/elluchador.info\/index.php?rest_route=\/wp\/v2\/posts\/264933\/revisions"}],"predecessor-version":[{"id":264936,"href":"https:\/\/elluchador.info\/index.php?rest_route=\/wp\/v2\/posts\/264933\/revisions\/264936"}],"wp:featuredmedia":[{"embeddable":true,"href":"https:\/\/elluchador.info\/index.php?rest_route=\/wp\/v2\/media\/264935"}],"wp:attachment":[{"href":"https:\/\/elluchador.info\/index.php?rest_route=%2Fwp%2Fv2%2Fmedia&parent=264933"}],"wp:term":[{"taxonomy":"category","embeddable":true,"href":"https:\/\/elluchador.info\/index.php?rest_route=%2Fwp%2Fv2%2Fcategories&post=264933"},{"taxonomy":"post_tag","embeddable":true,"href":"https:\/\/elluchador.info\/index.php?rest_route=%2Fwp%2Fv2%2Ftags&post=264933"}],"curies":[{"name":"wp","href":"https:\/\/api.w.org\/{rel}","templated":true}]}}