{"id":264944,"date":"2025-01-25T13:14:21","date_gmt":"2025-01-25T17:14:21","guid":{"rendered":"https:\/\/elluchador.info\/?p=264944"},"modified":"2025-01-25T13:14:25","modified_gmt":"2025-01-25T17:14:25","slug":"argentina-humilla-a-brasil-en-el-debut-del-sudamericano-sub-20","status":"publish","type":"post","link":"https:\/\/elluchador.info\/?p=264944","title":{"rendered":"Argentina humilla a Brasil en el debut del Sudamericano Sub-20"},"content":{"rendered":"\n<p>La selecci\u00f3n argentina de f\u00fatbol gole\u00f3 con resultado de 0-6 a su similar de Brasil en el partido estelar de la jornada 1 del Grupo B del Conmebol Sub-20 Venezuela 2025.<\/p>\n\n\n\n<p>En el Estadio Misael Delgado de Valencia, verdeamarelhos y albicelestes buscaban empezar de buena forma este certamen en esta edici\u00f3n juvenil del Cl\u00e1sico de las Am\u00e9ricas.<\/p>\n\n\n\n<p>En el primer tiempo, los argentinos abrieron el marcador apenas a los siete minutos de juego con tanto de Ian Subiabre, posteriormente, Claudio Echeverry ampli\u00f3 la ventaja a los 9 minutos de partido, y luego, un gol en contra de Igor a los 11 minutos, pon\u00edan el 0-3 parcial con el que ambos equipos se fueron al entretiempo.<\/p>\n\n\n\n<p>En el complemento, los gauchos mostraron un nivel a media m\u00e1quina, pero que les sirvi\u00f3 para estirar la ventaja al 54&#8242; por medio de Agust\u00edn Ruberto. Luego, otro tanto de Echeverry al 54&#8242; y un gol de Santiago Hidalgo al 79&#8242; colocaron el resultado tenistico de 0-6 en el electr\u00f3nico.<\/p>\n\n\n\n<p>En la siguiente fecha, Brasil se medir\u00e1 a Bolivia, mientras que Argentina enfrentar\u00e1 a Colombia en el segundo turno del domingo.<\/p>\n\n\n\n<p>Con informaci\u00f3n <strong><em><mark style=\"background-color:rgba(0, 0, 0, 0)\" class=\"has-inline-color has-luminous-vivid-orange-color\">L\u00edder<\/mark><\/em><\/strong><\/p>\n","protected":false},"excerpt":{"rendered":"<p>La selecci\u00f3n argentina de f\u00fatbol gole\u00f3 con resultado de 0-6 a su similar de Brasil en el partido estelar de la jornada 1 del Grupo B del Conmebol Sub-20 Venezuela 2025. En el Estadio Misael Delgado de Valencia, verdeamarelhos y albicelestes buscaban empezar de buena forma este certamen en esta edici\u00f3n juvenil del Cl\u00e1sico de [&hellip;]<\/p>\n","protected":false},"author":33,"featured_media":264949,"comment_status":"closed","ping_status":"closed","sticky":false,"template":"","format":"standard","meta":{"footnotes":""},"categories":[4],"tags":[540,687,2914],"class_list":{"0":"post-264944","1":"post","2":"type-post","3":"status-publish","4":"format-standard","5":"has-post-thumbnail","7":"category-deportes","8":"tag-argentina","9":"tag-brasil","10":"tag-sub20"},"_links":{"self":[{"href":"https:\/\/elluchador.info\/index.php?rest_route=\/wp\/v2\/posts\/264944","targetHints":{"allow":["GET"]}}],"collection":[{"href":"https:\/\/elluchador.info\/index.php?rest_route=\/wp\/v2\/posts"}],"about":[{"href":"https:\/\/elluchador.info\/index.php?rest_route=\/wp\/v2\/types\/post"}],"author":[{"embeddable":true,"href":"https:\/\/elluchador.info\/index.php?rest_route=\/wp\/v2\/users\/33"}],"replies":[{"embeddable":true,"href":"https:\/\/elluchador.info\/index.php?rest_route=%2Fwp%2Fv2%2Fcomments&post=264944"}],"version-history":[{"count":1,"href":"https:\/\/elluchador.info\/index.php?rest_route=\/wp\/v2\/posts\/264944\/revisions"}],"predecessor-version":[{"id":264950,"href":"https:\/\/elluchador.info\/index.php?rest_route=\/wp\/v2\/posts\/264944\/revisions\/264950"}],"wp:featuredmedia":[{"embeddable":true,"href":"https:\/\/elluchador.info\/index.php?rest_route=\/wp\/v2\/media\/264949"}],"wp:attachment":[{"href":"https:\/\/elluchador.info\/index.php?rest_route=%2Fwp%2Fv2%2Fmedia&parent=264944"}],"wp:term":[{"taxonomy":"category","embeddable":true,"href":"https:\/\/elluchador.info\/index.php?rest_route=%2Fwp%2Fv2%2Fcategories&post=264944"},{"taxonomy":"post_tag","embeddable":true,"href":"https:\/\/elluchador.info\/index.php?rest_route=%2Fwp%2Fv2%2Ftags&post=264944"}],"curies":[{"name":"wp","href":"https:\/\/api.w.org\/{rel}","templated":true}]}}