{"id":265154,"date":"2025-01-27T11:16:10","date_gmt":"2025-01-27T15:16:10","guid":{"rendered":"https:\/\/elluchador.info\/?p=265154"},"modified":"2025-01-27T11:16:19","modified_gmt":"2025-01-27T15:16:19","slug":"yvan-gil-denuncia-ataque-con-disparos-a-la-embajada-de-venezuela-en-bolivia","status":"publish","type":"post","link":"https:\/\/elluchador.info\/?p=265154","title":{"rendered":"Yv\u00e1n Gil denuncia ataque con disparos a la embajada de Venezuela en Bolivia"},"content":{"rendered":"\n<p>La ministra de Relaciones Exteriores de Bolivia, Celinda Sosa, inform\u00f3 que la embajada de Venezuela en La Paz sufri\u00f3 un atentado este domingo 26 de enero, donde se ejecutaron varios disparos con armas de fuego contra la fachada del recinto.<\/p>\n\n\n\n<p>A trav\u00e9s de Telegram, la canciller indic\u00f3 que los cuerpos policiales est\u00e1n realizando las investigaciones pertinentes para dar con los responsables de este hecho.<\/p>\n\n\n\n<p>El Gobierno de Bolivia manifest\u00f3 su \u201crechazo en\u00e9rgico contra estos hechos vand\u00e1licos que vulneran los derechos e inmunidades de los diplom\u00e1ticos venezolanos\u00bb.<\/p>\n\n\n\n<p>Por su parte, el canciller de Venezuela, Yv\u00e1n Gil, agradeci\u00f3 la r\u00e1pida respuesta y acci\u00f3n del Gobierno boliviano, presidido por Luis Arce.<\/p>\n\n\n\n<p>El ministro acus\u00f3 a \u201celementos fascistas\u201d de estar detr\u00e1s del atentado en La Paz, en lo que calific\u00f3 como un \u201cataque artero\u201d.<\/p>\n\n\n\n<p>Este ataque se suma a los actos vand\u00e1licos que sufrieron otras sedes diplom\u00e1ticas de Venezuela alrededor del mundo en las \u00faltimas semanas, como en Lisboa (Portugal), Oslo (Noruega), Frankfurt (Alemania), Medell\u00edn (Colombia), Vigo (Espa\u00f1a) y San Jos\u00e9 (Costa Rica).<\/p>\n\n\n\n<p>Con informaci\u00f3n de <strong>agencias.-<\/strong><\/p>\n","protected":false},"excerpt":{"rendered":"<p>La ministra de Relaciones Exteriores de Bolivia, Celinda Sosa, inform\u00f3 que la embajada de Venezuela en La Paz sufri\u00f3 un atentado este domingo 26 de enero, donde se ejecutaron varios disparos con armas de fuego contra la fachada del recinto. A trav\u00e9s de Telegram, la canciller indic\u00f3 que los cuerpos policiales est\u00e1n realizando las investigaciones [&hellip;]<\/p>\n","protected":false},"author":38,"featured_media":265155,"comment_status":"closed","ping_status":"closed","sticky":false,"template":"","format":"standard","meta":{"footnotes":""},"categories":[11],"tags":[448,105],"class_list":{"0":"post-265154","1":"post","2":"type-post","3":"status-publish","4":"format-standard","5":"has-post-thumbnail","7":"category-politica","8":"tag-mundo","9":"tag-venezuela"},"_links":{"self":[{"href":"https:\/\/elluchador.info\/index.php?rest_route=\/wp\/v2\/posts\/265154","targetHints":{"allow":["GET"]}}],"collection":[{"href":"https:\/\/elluchador.info\/index.php?rest_route=\/wp\/v2\/posts"}],"about":[{"href":"https:\/\/elluchador.info\/index.php?rest_route=\/wp\/v2\/types\/post"}],"author":[{"embeddable":true,"href":"https:\/\/elluchador.info\/index.php?rest_route=\/wp\/v2\/users\/38"}],"replies":[{"embeddable":true,"href":"https:\/\/elluchador.info\/index.php?rest_route=%2Fwp%2Fv2%2Fcomments&post=265154"}],"version-history":[{"count":1,"href":"https:\/\/elluchador.info\/index.php?rest_route=\/wp\/v2\/posts\/265154\/revisions"}],"predecessor-version":[{"id":265156,"href":"https:\/\/elluchador.info\/index.php?rest_route=\/wp\/v2\/posts\/265154\/revisions\/265156"}],"wp:featuredmedia":[{"embeddable":true,"href":"https:\/\/elluchador.info\/index.php?rest_route=\/wp\/v2\/media\/265155"}],"wp:attachment":[{"href":"https:\/\/elluchador.info\/index.php?rest_route=%2Fwp%2Fv2%2Fmedia&parent=265154"}],"wp:term":[{"taxonomy":"category","embeddable":true,"href":"https:\/\/elluchador.info\/index.php?rest_route=%2Fwp%2Fv2%2Fcategories&post=265154"},{"taxonomy":"post_tag","embeddable":true,"href":"https:\/\/elluchador.info\/index.php?rest_route=%2Fwp%2Fv2%2Ftags&post=265154"}],"curies":[{"name":"wp","href":"https:\/\/api.w.org\/{rel}","templated":true}]}}