{"id":265182,"date":"2025-01-27T14:06:05","date_gmt":"2025-01-27T18:06:05","guid":{"rendered":"https:\/\/elluchador.info\/?p=265182"},"modified":"2025-01-27T14:06:08","modified_gmt":"2025-01-27T18:06:08","slug":"ee-uu-suspendio-sanciones-contra-colombia-tras-aceptar-su-politica-de-deportaciones","status":"publish","type":"post","link":"https:\/\/elluchador.info\/?p=265182","title":{"rendered":"EE.UU. suspendi\u00f3 sanciones contra Colombia tras aceptar su pol\u00edtica de deportaciones"},"content":{"rendered":"\n<p>Estados Unidos dio marcha atr\u00e1s este domingo a una serie de sanciones que planeaba imponer a Colombia por la negativa de su gobierno a permitir el ingreso de vuelos militares con migrantes deportados, luego de que el pa\u00eds sudamericano aceptara los t\u00e9rminos de esta pol\u00edtica del presidente electo Donald Trump.<\/p>\n\n\n\n<p>La Casa Blanca destac\u00f3 el domingo por la noche que suspend\u00eda las medidas anunciadas por Trump contra Colombia y funcionarios del gobierno de Gustavo Petro, quien bloque\u00f3 el ingreso a Bogot\u00e1 de las aeronaves con repatriados alegando que sus connacionales estaban recibiendo malos tratos.<\/p>\n\n\n\n<p>Asimismo, el canciller colombiano, Luis Gilberto Murillo, confirm\u00f3 minutos despu\u00e9s en una rueda de prensa el anuncio y asegur\u00f3 que su pa\u00eds dio por <em>\u00absuperado el impasse\u00bb<\/em> con Estados Unidos y acepta los t\u00e9rminos de la pol\u00edtica de repatriaci\u00f3n de Trump.<\/p>\n\n\n\n<p>El pa\u00eds <em>\u00abseguir\u00e1 recibiendo a los colombianos y colombianas que regresan en condici\u00f3n de deportados\u00bb<\/em>, se\u00f1al\u00f3 Murillo. La controversia subi\u00f3 de tono durante el domingo.<\/p>\n\n\n\n<p>Tras la negativa del mandatario colombiano de permitir el aterrizaje de aviones estadounidenses con deportados, Trump anunci\u00f3 aranceles a las importaciones procedentes de Colombia y otras medidas contra el oficialismo como restricciones de viajes y revocatoria \u00abinmediata\u00bb de visas.<\/p>\n\n\n\n<p>Petro respondi\u00f3 ordenando a la cartera de Comercio Exterior que tambi\u00e9n imponga un arancel a los productos provenientes de EE.UU e inst\u00f3 a su gobierno a <em><strong>\u00abdirigir\u00bb<\/strong><\/em> las exportaciones hacia otros pa\u00edses.<\/p>\n\n\n\n<p>Hasta el momento, el gobierno colombiano no ha expresado que haya retirado esa medida.<\/p>\n\n\n\n<p>El canciller Murillo agreg\u00f3 que Colombia \u00abtiene dispuesto\u00bb el avi\u00f3n presidencial para viajar a Estados Unidos y transportar a los migrantes que Trump pretend\u00eda deportar. Se desconoce el n\u00famero de ocupantes de esos vuelos.<\/p>\n\n\n\n<p>Con informaci\u00f3n <strong><em><mark style=\"background-color:rgba(0, 0, 0, 0)\" class=\"has-inline-color has-vivid-red-color\">AFP<\/mark><\/em><\/strong><\/p>\n","protected":false},"excerpt":{"rendered":"<p>Estados Unidos dio marcha atr\u00e1s este domingo a una serie de sanciones que planeaba imponer a Colombia por la negativa de su gobierno a permitir el ingreso de vuelos militares con migrantes deportados, luego de que el pa\u00eds sudamericano aceptara los t\u00e9rminos de esta pol\u00edtica del presidente electo Donald Trump. La Casa Blanca destac\u00f3 el [&hellip;]<\/p>\n","protected":false},"author":33,"featured_media":265183,"comment_status":"closed","ping_status":"closed","sticky":false,"template":"","format":"standard","meta":{"footnotes":""},"categories":[5,8],"tags":[397,2915,1929],"class_list":{"0":"post-265182","1":"post","2":"type-post","3":"status-publish","4":"format-standard","5":"has-post-thumbnail","7":"category-destacado","8":"category-internacionales","9":"tag-colombia","10":"tag-deportaciones","11":"tag-ee-uu-2"},"_links":{"self":[{"href":"https:\/\/elluchador.info\/index.php?rest_route=\/wp\/v2\/posts\/265182","targetHints":{"allow":["GET"]}}],"collection":[{"href":"https:\/\/elluchador.info\/index.php?rest_route=\/wp\/v2\/posts"}],"about":[{"href":"https:\/\/elluchador.info\/index.php?rest_route=\/wp\/v2\/types\/post"}],"author":[{"embeddable":true,"href":"https:\/\/elluchador.info\/index.php?rest_route=\/wp\/v2\/users\/33"}],"replies":[{"embeddable":true,"href":"https:\/\/elluchador.info\/index.php?rest_route=%2Fwp%2Fv2%2Fcomments&post=265182"}],"version-history":[{"count":1,"href":"https:\/\/elluchador.info\/index.php?rest_route=\/wp\/v2\/posts\/265182\/revisions"}],"predecessor-version":[{"id":265184,"href":"https:\/\/elluchador.info\/index.php?rest_route=\/wp\/v2\/posts\/265182\/revisions\/265184"}],"wp:featuredmedia":[{"embeddable":true,"href":"https:\/\/elluchador.info\/index.php?rest_route=\/wp\/v2\/media\/265183"}],"wp:attachment":[{"href":"https:\/\/elluchador.info\/index.php?rest_route=%2Fwp%2Fv2%2Fmedia&parent=265182"}],"wp:term":[{"taxonomy":"category","embeddable":true,"href":"https:\/\/elluchador.info\/index.php?rest_route=%2Fwp%2Fv2%2Fcategories&post=265182"},{"taxonomy":"post_tag","embeddable":true,"href":"https:\/\/elluchador.info\/index.php?rest_route=%2Fwp%2Fv2%2Ftags&post=265182"}],"curies":[{"name":"wp","href":"https:\/\/api.w.org\/{rel}","templated":true}]}}