{"id":265187,"date":"2025-01-27T15:21:43","date_gmt":"2025-01-27T19:21:43","guid":{"rendered":"https:\/\/elluchador.info\/?p=265187"},"modified":"2025-01-27T15:21:49","modified_gmt":"2025-01-27T19:21:49","slug":"mp-realizo-la-detencion-de-estudiantes-que-agredieron-a-companera-de-13-anos","status":"publish","type":"post","link":"https:\/\/elluchador.info\/?p=265187","title":{"rendered":"MP realiz\u00f3 la detenci\u00f3n de estudiantes que agredieron a compa\u00f1era de 13 a\u00f1os"},"content":{"rendered":"\n<p>El Fiscal General Tarek William Saab luego de ser masivamente etiquetado en un video donde se observa un grupo de j\u00f3venes estudiantes agrediendo f\u00edsica y verbalmente a otra compa\u00f1era de colegio de 13 a\u00f1os de edad, design\u00f3 de manera inmediata un Fiscal con competencia en Ni\u00f1os y Adolescentes para hacer justicia en este terrible caso.<\/p>\n\n\n\n<p>Luego de las investigaciones preliminares realizadas, Saab explic\u00f3 que las adolescentes autoras materiales de la agresi\u00f3n M.A.G.A y D.C.C.S de 15 a\u00f1os de edad, fueron ya inmediatamente aprehendidas para ser imputadas por los delitos de Homicidio Preterintencional en grados de frustraci\u00f3n, Violencia y Agavillamiento: de igual forma a trav\u00e9s de la fiscal\u00eda 117 del \u00c1rea Metropolitana de Caracas a dichas agresoras les ser\u00e1 solicitada hoy medida privativa de libertad para ser recluidas en la Entidad de Atenci\u00f3n Jos\u00e9 Gregorio Hern\u00e1ndez<\/p>\n\n\n\n<p>Asimismo, ser\u00e1n tambi\u00e9n detenidas otras tres adolescentes que actuaron de c\u00f3mplices en el hecho, las cuales ya han sido plenamente identificadas.<\/p>\n\n\n\n<p>Saab adicionalmente explic\u00f3 que el Ministerio P\u00fablico ofrecer\u00e1 a la pre adolescente v\u00edctima, una debida y oportuna asistencia psiqui\u00e1trica la cual ser\u00e1 brindada por el equipo multidisciplinario adscrito a la Direcci\u00f3n de Apoyo a la Investigaci\u00f3n Penal; al mismo tiempo que ser\u00e1n citados los padres de las j\u00f3venes agresoras por el ente penal para dejar por escrito el compromiso que tendr\u00e1n por la correcta educaci\u00f3n y comportamiento de dichas j\u00f3venes, tal como establece la Ley.<\/p>\n\n\n\n<p>Con informaci\u00f3n <strong><em><mark style=\"background-color:rgba(0, 0, 0, 0)\" class=\"has-inline-color has-luminous-vivid-orange-color\">NTT<\/mark><\/em><\/strong><\/p>\n","protected":false},"excerpt":{"rendered":"<p>El Fiscal General Tarek William Saab luego de ser masivamente etiquetado en un video donde se observa un grupo de j\u00f3venes estudiantes agrediendo f\u00edsica y verbalmente a otra compa\u00f1era de colegio de 13 a\u00f1os de edad, design\u00f3 de manera inmediata un Fiscal con competencia en Ni\u00f1os y Adolescentes para hacer justicia en este terrible caso. [&hellip;]<\/p>\n","protected":false},"author":33,"featured_media":265189,"comment_status":"closed","ping_status":"closed","sticky":false,"template":"","format":"standard","meta":{"footnotes":""},"categories":[13],"tags":[312,132,105],"class_list":{"0":"post-265187","1":"post","2":"type-post","3":"status-publish","4":"format-standard","5":"has-post-thumbnail","7":"category-sucesos","8":"tag-agresion","9":"tag-estudiantes","10":"tag-venezuela"},"_links":{"self":[{"href":"https:\/\/elluchador.info\/index.php?rest_route=\/wp\/v2\/posts\/265187","targetHints":{"allow":["GET"]}}],"collection":[{"href":"https:\/\/elluchador.info\/index.php?rest_route=\/wp\/v2\/posts"}],"about":[{"href":"https:\/\/elluchador.info\/index.php?rest_route=\/wp\/v2\/types\/post"}],"author":[{"embeddable":true,"href":"https:\/\/elluchador.info\/index.php?rest_route=\/wp\/v2\/users\/33"}],"replies":[{"embeddable":true,"href":"https:\/\/elluchador.info\/index.php?rest_route=%2Fwp%2Fv2%2Fcomments&post=265187"}],"version-history":[{"count":1,"href":"https:\/\/elluchador.info\/index.php?rest_route=\/wp\/v2\/posts\/265187\/revisions"}],"predecessor-version":[{"id":265190,"href":"https:\/\/elluchador.info\/index.php?rest_route=\/wp\/v2\/posts\/265187\/revisions\/265190"}],"wp:featuredmedia":[{"embeddable":true,"href":"https:\/\/elluchador.info\/index.php?rest_route=\/wp\/v2\/media\/265189"}],"wp:attachment":[{"href":"https:\/\/elluchador.info\/index.php?rest_route=%2Fwp%2Fv2%2Fmedia&parent=265187"}],"wp:term":[{"taxonomy":"category","embeddable":true,"href":"https:\/\/elluchador.info\/index.php?rest_route=%2Fwp%2Fv2%2Fcategories&post=265187"},{"taxonomy":"post_tag","embeddable":true,"href":"https:\/\/elluchador.info\/index.php?rest_route=%2Fwp%2Fv2%2Ftags&post=265187"}],"curies":[{"name":"wp","href":"https:\/\/api.w.org\/{rel}","templated":true}]}}