{"id":265456,"date":"2025-01-30T09:48:05","date_gmt":"2025-01-30T13:48:05","guid":{"rendered":"https:\/\/elluchador.info\/?p=265456"},"modified":"2025-01-30T09:48:22","modified_gmt":"2025-01-30T13:48:22","slug":"rehabilitan-espacios-del-liceo-deportivo-lunardy-pulvett-en-vista-hermosa","status":"publish","type":"post","link":"https:\/\/elluchador.info\/?p=265456","title":{"rendered":"Rehabilitan espacios del Liceo Deportivo Lunardy Pulvett en Vista Hermosa"},"content":{"rendered":"\n<p>En un significativo acto de colaboraci\u00f3n y compromiso con el deporte, el presidente Nicol\u00e1s Maduro, junto a la vicepresidenta Delcy Rodr\u00edguez, el alcalde Sergio Hern\u00e1ndez y el equipo del Ministerio de Obras P\u00fablicas han unido esfuerzos para llevar a cabo un proyecto de rehabilitaci\u00f3n en el Liceo de Talento Deportivo Lunardy Pulvett.<\/p>\n\n\n\n<p>Alexander Moreno, presidente de Imjuderao, destac\u00f3 que la alcald\u00eda contin\u00faa avanzando en la misi\u00f3n de proporcionar una mano amiga para la rehabilitaci\u00f3n de espacios que fomenten la masificaci\u00f3n deportiva y la preparaci\u00f3n de la generaci\u00f3n de oro.<\/p>\n\n\n\n<p>\u201cLos trabajos iniciaron este martes y, gracias al apoyo del alcalde Sergio Hern\u00e1ndez, estamos ejecutando acciones de pintura y reparaciones menores que mejorar\u00e1n la calidad de ense\u00f1anza de nuestros ni\u00f1os y ni\u00f1as\u201d, afirm\u00f3 Moreno.<\/p>\n\n\n\n<p>Rub\u00e9n Guti\u00e9rrez, Director del Liceo de Talento Deportivo Lunardy Pulvett, expres\u00f3 su agradecimiento por el inicio de estos trabajos que beneficiar\u00e1n a los estudiantes.<\/p>\n\n\n\n<p>\u201cEsto es un sue\u00f1o hecho realidad. Ahora vamos a seguir dignificando los espacios para la preparaci\u00f3n de nuestros atletas, quienes d\u00eda a d\u00eda se esfuerzan por convertirse en personas integrales. Todo esto es posible en revoluci\u00f3n\u201d, coment\u00f3 Guti\u00e9rrez.<\/p>\n\n\n\n<p>Con estas acciones, se reafirma el compromiso de las autoridades locales en la mejora de las condiciones educativas y deportivas, asegurando un futuro prometedor para las nuevas generaciones.<\/p>\n\n\n\n<p><strong><em>Prensa Alcald\u00eda AO<\/em><\/strong><\/p>\n","protected":false},"excerpt":{"rendered":"<p>En un significativo acto de colaboraci\u00f3n y compromiso con el deporte, el presidente Nicol\u00e1s Maduro, junto a la vicepresidenta Delcy Rodr\u00edguez, el alcalde Sergio Hern\u00e1ndez y el equipo del Ministerio de Obras P\u00fablicas han unido esfuerzos para llevar a cabo un proyecto de rehabilitaci\u00f3n en el Liceo de Talento Deportivo Lunardy Pulvett. Alexander Moreno, presidente [&hellip;]<\/p>\n","protected":false},"author":2,"featured_media":265455,"comment_status":"closed","ping_status":"closed","sticky":false,"template":"","format":"standard","meta":{"footnotes":""},"categories":[20],"tags":[],"class_list":{"0":"post-265456","1":"post","2":"type-post","3":"status-publish","4":"format-standard","5":"has-post-thumbnail","7":"category-municipal"},"_links":{"self":[{"href":"https:\/\/elluchador.info\/index.php?rest_route=\/wp\/v2\/posts\/265456","targetHints":{"allow":["GET"]}}],"collection":[{"href":"https:\/\/elluchador.info\/index.php?rest_route=\/wp\/v2\/posts"}],"about":[{"href":"https:\/\/elluchador.info\/index.php?rest_route=\/wp\/v2\/types\/post"}],"author":[{"embeddable":true,"href":"https:\/\/elluchador.info\/index.php?rest_route=\/wp\/v2\/users\/2"}],"replies":[{"embeddable":true,"href":"https:\/\/elluchador.info\/index.php?rest_route=%2Fwp%2Fv2%2Fcomments&post=265456"}],"version-history":[{"count":1,"href":"https:\/\/elluchador.info\/index.php?rest_route=\/wp\/v2\/posts\/265456\/revisions"}],"predecessor-version":[{"id":265457,"href":"https:\/\/elluchador.info\/index.php?rest_route=\/wp\/v2\/posts\/265456\/revisions\/265457"}],"wp:featuredmedia":[{"embeddable":true,"href":"https:\/\/elluchador.info\/index.php?rest_route=\/wp\/v2\/media\/265455"}],"wp:attachment":[{"href":"https:\/\/elluchador.info\/index.php?rest_route=%2Fwp%2Fv2%2Fmedia&parent=265456"}],"wp:term":[{"taxonomy":"category","embeddable":true,"href":"https:\/\/elluchador.info\/index.php?rest_route=%2Fwp%2Fv2%2Fcategories&post=265456"},{"taxonomy":"post_tag","embeddable":true,"href":"https:\/\/elluchador.info\/index.php?rest_route=%2Fwp%2Fv2%2Ftags&post=265456"}],"curies":[{"name":"wp","href":"https:\/\/api.w.org\/{rel}","templated":true}]}}