{"id":265467,"date":"2025-01-30T11:17:59","date_gmt":"2025-01-30T15:17:59","guid":{"rendered":"https:\/\/elluchador.info\/?p=265467"},"modified":"2025-01-30T11:18:05","modified_gmt":"2025-01-30T15:18:05","slug":"gobierno-bolivariano-fortifica-cooperacion-con-turkiye","status":"publish","type":"post","link":"https:\/\/elluchador.info\/?p=265467","title":{"rendered":"Gobierno Bolivariano fortifica cooperaci\u00f3n con T\u00fcrkiye"},"content":{"rendered":"\n<p>La viceministra para Europa y Am\u00e9rica del Norte del Ministerio para Relaciones Exteriores, Andrea Corao, se reuni\u00f3 este mi\u00e9rcoles con el embajador de la Rep\u00fablica de T\u00fcrkiye acreditado en Venezuela, Naci Aydan Karamanoglu, para avanzar en la cooperaci\u00f3n conjunta y beneficiosa para ambos pueblos. El encuentro se realiz\u00f3 en la Casa Amarilla Antonio Jos\u00e9 de Sucre, ubicada en Caracas.<\/p>\n\n\n\n<p>Durante la reuni\u00f3n, el diplom\u00e1tico turco le extendi\u00f3 a la viceministra Corao sus felicitaciones por el nombramiento del presidente de la Rep\u00fablica Bolivariana de Venezuela, Nicol\u00e1s Maduro, para un tercer per\u00edodo constitucional; adem\u00e1s que ambos reiteraron la disposici\u00f3n de sus pa\u00edses para obrar de forma sin\u00e9rgica en una serie de \u00e1reas de cooperaci\u00f3n bilateral.<\/p>\n\n\n\n<p>Recientemente, en el contexto de su juramentaci\u00f3n para el nuevo per\u00edodo constitucional 2025-2031, el presidente Maduro recibi\u00f3 al ministro de Turismo del pa\u00eds euroasi\u00e1tico, Mehmet Nuri Ersoy, para extender los v\u00ednculos de la cooperaci\u00f3n cultural, tur\u00edstica y econ\u00f3mica. De esta manera, se exponen los atractivos vacacionales al pa\u00eds turco.<\/p>\n\n\n\n<p>Las relaciones entre Caracas y Ankara se fortalecieron durante los \u00faltimos a\u00f1os, debido a las visitas de alto nivel por parte de delegaciones de ambos estados. Durante el presente a\u00f1o, se celebrar\u00e1n 75 a\u00f1os de relaciones diplom\u00e1ticas, integradas a la construcci\u00f3n de una relaci\u00f3n bilateral s\u00f3lida y basada en el respeto mutuo, para impulsar la construcci\u00f3n de un mundo multipolar, de mayor justicia y equidad.<\/p>\n\n\n\n<p><em><strong>Fuente: Mppre<\/strong><\/em><a href=\"https:\/\/www.vtv.gob.ve\/gobierno-bolivariano-fortifica-cooperacion-turkiye\/\"><\/a><\/p>\n","protected":false},"excerpt":{"rendered":"<p>La viceministra para Europa y Am\u00e9rica del Norte del Ministerio para Relaciones Exteriores, Andrea Corao, se reuni\u00f3 este mi\u00e9rcoles con el embajador de la Rep\u00fablica de T\u00fcrkiye acreditado en Venezuela, Naci Aydan Karamanoglu, para avanzar en la cooperaci\u00f3n conjunta y beneficiosa para ambos pueblos. El encuentro se realiz\u00f3 en la Casa Amarilla Antonio Jos\u00e9 de [&hellip;]<\/p>\n","protected":false},"author":2,"featured_media":265468,"comment_status":"closed","ping_status":"closed","sticky":false,"template":"","format":"standard","meta":{"footnotes":""},"categories":[11],"tags":[],"class_list":{"0":"post-265467","1":"post","2":"type-post","3":"status-publish","4":"format-standard","5":"has-post-thumbnail","7":"category-politica"},"_links":{"self":[{"href":"https:\/\/elluchador.info\/index.php?rest_route=\/wp\/v2\/posts\/265467","targetHints":{"allow":["GET"]}}],"collection":[{"href":"https:\/\/elluchador.info\/index.php?rest_route=\/wp\/v2\/posts"}],"about":[{"href":"https:\/\/elluchador.info\/index.php?rest_route=\/wp\/v2\/types\/post"}],"author":[{"embeddable":true,"href":"https:\/\/elluchador.info\/index.php?rest_route=\/wp\/v2\/users\/2"}],"replies":[{"embeddable":true,"href":"https:\/\/elluchador.info\/index.php?rest_route=%2Fwp%2Fv2%2Fcomments&post=265467"}],"version-history":[{"count":1,"href":"https:\/\/elluchador.info\/index.php?rest_route=\/wp\/v2\/posts\/265467\/revisions"}],"predecessor-version":[{"id":265469,"href":"https:\/\/elluchador.info\/index.php?rest_route=\/wp\/v2\/posts\/265467\/revisions\/265469"}],"wp:featuredmedia":[{"embeddable":true,"href":"https:\/\/elluchador.info\/index.php?rest_route=\/wp\/v2\/media\/265468"}],"wp:attachment":[{"href":"https:\/\/elluchador.info\/index.php?rest_route=%2Fwp%2Fv2%2Fmedia&parent=265467"}],"wp:term":[{"taxonomy":"category","embeddable":true,"href":"https:\/\/elluchador.info\/index.php?rest_route=%2Fwp%2Fv2%2Fcategories&post=265467"},{"taxonomy":"post_tag","embeddable":true,"href":"https:\/\/elluchador.info\/index.php?rest_route=%2Fwp%2Fv2%2Ftags&post=265467"}],"curies":[{"name":"wp","href":"https:\/\/api.w.org\/{rel}","templated":true}]}}