{"id":266186,"date":"2025-02-04T17:39:47","date_gmt":"2025-02-04T21:39:47","guid":{"rendered":"https:\/\/elluchador.info\/?p=266186"},"modified":"2025-02-04T17:39:53","modified_gmt":"2025-02-04T21:39:53","slug":"primero-justicia-rechaza-avalar-dialogos-cuyo-proposito-sea-distinto-a-una-transicion-democratica","status":"publish","type":"post","link":"https:\/\/elluchador.info\/?p=266186","title":{"rendered":"Primero Justicia rechaza avalar di\u00e1logos \u201ccuyo prop\u00f3sito sea distinto a una transici\u00f3n democr\u00e1tica\u201d"},"content":{"rendered":"\n<p>El partido pol\u00edtico Primer Justicia emiti\u00f3 un comunicado este martes en el que rechazan \u201clos intentos del gobierno de Nicol\u00e1s Maduro por desconocer el mandato popular\u201d y destacan su compromiso \u201ccon la defensa de la voluntad expresada el 28 de julio de 2024\u201d.<\/p>\n\n\n\n<p>\u201cComo enfatiz\u00f3 ayer Mar\u00eda Corina Machado: Aqu\u00ed hay un solo prop\u00f3sito: unificar a todas las familias venezolanas en una naci\u00f3n libre, segura y pr\u00f3spera\u201d, dice parte del escrito compartido en X.<\/p>\n\n\n\n<p>La tolda amarilla reitera que busca promover \u201cuna transici\u00f3n real hacia la democracia\u201d, esto, ante los llamados del Gobierno nacional a unas elecciones regionales, las cuales, Mar\u00eda Corina rechaz\u00f3 rotundamente en un en vivo este lunes.<\/p>\n\n\n\n<p>\u201cReafirmamos nuestra dedicaci\u00f3n a la democracia, destacamos el valor de los venezolanos en su lucha por la libertad y hacemos un llamado a la unidad nacional frente al gobierno autoritario. Ratificamos nuestras prioridades y objetivos en esta lucha\u201d, dice la misiva.<\/p>\n\n\n\n<p>En el comunicado destacan las prioridades del partido de cara al 2025, entre ellas, \u201cla defensa del voto y la soberan\u00eda popular\u201d. \u201cLos venezolanos ya decidieron y no convalidar\u00e1n agendas que tengan como objetivo avalar el fraude del 28 de julio y perpetuar a Maduro en el poder\u201d, apunt\u00f3.<\/p>\n\n\n\n<p>Destacan la necesidad de un \u201cfortalecimiento de la unidad democr\u00e1tica\u201d. \u201cSeguimos trabajando en un frente com\u00fan que garantice la transici\u00f3n y el respeto al voto\u201d.<\/p>\n\n\n\n<p>Rechazan las \u201cmaniobras\u201d del gobierno de Maduro y aseguran que no avalar\u00e1n \u201cfraudes ni di\u00e1logos sin condiciones claras ni cuyo prop\u00f3sito sea distinto a una transici\u00f3n democr\u00e1tica\u201d.<\/p>\n\n\n\n<p>\u201cReafirmamos que, unidos y firmes, lograremos una Venezuela libre y democr\u00e1tica\u201d, dice como \u00faltima prioridad el texto.<\/p>\n\n\n\n<p>Finalmente, hicieron un llamado a la comunidad internacional \u201cpara que mantenga su respaldo a la lucha democr\u00e1tica y denuncie cualquier intento del gobierno por desvirtuar la soberan\u00eda de los venezolanos, quienes ya eligieron un cambio el pasado 28 de julio\u201d.<\/p>\n\n\n\n<figure class=\"wp-block-image size-large\"><img loading=\"lazy\" decoding=\"async\" width=\"828\" height=\"1024\" src=\"https:\/\/elluchador.info\/wp-content\/uploads\/2025\/02\/20250204_173847-828x1024.jpg\" alt=\"\" class=\"wp-image-266187\" srcset=\"https:\/\/elluchador.info\/wp-content\/uploads\/2025\/02\/20250204_173847-828x1024.jpg 828w, https:\/\/elluchador.info\/wp-content\/uploads\/2025\/02\/20250204_173847-243x300.jpg 243w, https:\/\/elluchador.info\/wp-content\/uploads\/2025\/02\/20250204_173847-768x949.jpg 768w, https:\/\/elluchador.info\/wp-content\/uploads\/2025\/02\/20250204_173847-150x185.jpg 150w, https:\/\/elluchador.info\/wp-content\/uploads\/2025\/02\/20250204_173847-300x371.jpg 300w, https:\/\/elluchador.info\/wp-content\/uploads\/2025\/02\/20250204_173847-324x400.jpg 324w, https:\/\/elluchador.info\/wp-content\/uploads\/2025\/02\/20250204_173847-696x860.jpg 696w, https:\/\/elluchador.info\/wp-content\/uploads\/2025\/02\/20250204_173847-1068x1320.jpg 1068w, https:\/\/elluchador.info\/wp-content\/uploads\/2025\/02\/20250204_173847.jpg 1080w\" sizes=\"auto, (max-width: 828px) 100vw, 828px\" \/><\/figure>\n\n\n\n<p>Con informaci\u00f3n de <strong>agencias.-<\/strong><\/p>\n","protected":false},"excerpt":{"rendered":"<p>El partido pol\u00edtico Primer Justicia emiti\u00f3 un comunicado este martes en el que rechazan \u201clos intentos del gobierno de Nicol\u00e1s Maduro por desconocer el mandato popular\u201d y destacan su compromiso \u201ccon la defensa de la voluntad expresada el 28 de julio de 2024\u201d. \u201cComo enfatiz\u00f3 ayer Mar\u00eda Corina Machado: Aqu\u00ed hay un solo prop\u00f3sito: unificar [&hellip;]<\/p>\n","protected":false},"author":38,"featured_media":266188,"comment_status":"open","ping_status":"open","sticky":false,"template":"","format":"standard","meta":{"footnotes":""},"categories":[11],"tags":[105],"class_list":{"0":"post-266186","1":"post","2":"type-post","3":"status-publish","4":"format-standard","5":"has-post-thumbnail","7":"category-politica","8":"tag-venezuela"},"_links":{"self":[{"href":"https:\/\/elluchador.info\/index.php?rest_route=\/wp\/v2\/posts\/266186","targetHints":{"allow":["GET"]}}],"collection":[{"href":"https:\/\/elluchador.info\/index.php?rest_route=\/wp\/v2\/posts"}],"about":[{"href":"https:\/\/elluchador.info\/index.php?rest_route=\/wp\/v2\/types\/post"}],"author":[{"embeddable":true,"href":"https:\/\/elluchador.info\/index.php?rest_route=\/wp\/v2\/users\/38"}],"replies":[{"embeddable":true,"href":"https:\/\/elluchador.info\/index.php?rest_route=%2Fwp%2Fv2%2Fcomments&post=266186"}],"version-history":[{"count":1,"href":"https:\/\/elluchador.info\/index.php?rest_route=\/wp\/v2\/posts\/266186\/revisions"}],"predecessor-version":[{"id":266189,"href":"https:\/\/elluchador.info\/index.php?rest_route=\/wp\/v2\/posts\/266186\/revisions\/266189"}],"wp:featuredmedia":[{"embeddable":true,"href":"https:\/\/elluchador.info\/index.php?rest_route=\/wp\/v2\/media\/266188"}],"wp:attachment":[{"href":"https:\/\/elluchador.info\/index.php?rest_route=%2Fwp%2Fv2%2Fmedia&parent=266186"}],"wp:term":[{"taxonomy":"category","embeddable":true,"href":"https:\/\/elluchador.info\/index.php?rest_route=%2Fwp%2Fv2%2Fcategories&post=266186"},{"taxonomy":"post_tag","embeddable":true,"href":"https:\/\/elluchador.info\/index.php?rest_route=%2Fwp%2Fv2%2Ftags&post=266186"}],"curies":[{"name":"wp","href":"https:\/\/api.w.org\/{rel}","templated":true}]}}