{"id":266235,"date":"2025-02-05T12:10:24","date_gmt":"2025-02-05T16:10:24","guid":{"rendered":"https:\/\/elluchador.info\/?p=266235"},"modified":"2025-02-05T12:12:36","modified_gmt":"2025-02-05T16:12:36","slug":"gobierno-de-argentina-se-retira-de-la-oms","status":"publish","type":"post","link":"https:\/\/elluchador.info\/?p=266235","title":{"rendered":"Gobierno de Argentina decidi\u00f3 retirarse de la OMS"},"content":{"rendered":"\n<p>El Gobierno de Argentina decidi\u00f3 retirar al pa\u00eds de la Organizaci\u00f3n Mundial de Salud (OMS), seg\u00fan confirm\u00f3 el portavoz de la Presidencia, <em><strong>Manuel Adorni<\/strong><\/em>, durante una conferencia de prensa este mi\u00e9rcoles.<\/p>\n\n\n\n<p>Adorni remarc\u00f3 que fue un pedido del presidente de Argentina, <em>Javier Milei<\/em>, al canciller argentino, <em>Gerardo Werthein<\/em>.<\/p>\n\n\n\n<p>Dijo que las razones son <em><strong>\u201clas profundas diferencias\u201d<\/strong><\/em> con la OMS y que Argentina <em>\u201cno va a permitir que un organismo internacional intervenga en su soberan\u00eda, mucho menos en la salud\u201d.<\/em><\/p>\n\n\n\n<p>Adem\u00e1s, agreg\u00f3 que el pa\u00eds no recibe financiamiento de la OMS, por lo cual no <em>\u201cafecta la calidad de los servicios\u201d.<\/em><\/p>\n\n\n\n<p>El anuncio llega unas semanas despu\u00e9s de que Trump anunciara que EE.\u00a0UU. se retiraba de la Organizaci\u00f3n Mundial de la Salud.<\/p>\n\n\n\n<p>Con informaci\u00f3n<strong><em><mark style=\"background-color:rgba(0, 0, 0, 0)\" class=\"has-inline-color has-luminous-vivid-orange-color\"> Contrapunto<\/mark><\/em><\/strong><\/p>\n","protected":false},"excerpt":{"rendered":"<p>El Gobierno de Argentina decidi\u00f3 retirar al pa\u00eds de la Organizaci\u00f3n Mundial de Salud (OMS), seg\u00fan confirm\u00f3 el portavoz de la Presidencia, Manuel Adorni, durante una conferencia de prensa este mi\u00e9rcoles. Adorni remarc\u00f3 que fue un pedido del presidente de Argentina, Javier Milei, al canciller argentino, Gerardo Werthein. Dijo que las razones son \u201clas profundas [&hellip;]<\/p>\n","protected":false},"author":33,"featured_media":266236,"comment_status":"open","ping_status":"open","sticky":false,"template":"","format":"standard","meta":{"footnotes":""},"categories":[5,8],"tags":[540,277],"class_list":{"0":"post-266235","1":"post","2":"type-post","3":"status-publish","4":"format-standard","5":"has-post-thumbnail","7":"category-destacado","8":"category-internacionales","9":"tag-argentina","10":"tag-oms"},"_links":{"self":[{"href":"https:\/\/elluchador.info\/index.php?rest_route=\/wp\/v2\/posts\/266235","targetHints":{"allow":["GET"]}}],"collection":[{"href":"https:\/\/elluchador.info\/index.php?rest_route=\/wp\/v2\/posts"}],"about":[{"href":"https:\/\/elluchador.info\/index.php?rest_route=\/wp\/v2\/types\/post"}],"author":[{"embeddable":true,"href":"https:\/\/elluchador.info\/index.php?rest_route=\/wp\/v2\/users\/33"}],"replies":[{"embeddable":true,"href":"https:\/\/elluchador.info\/index.php?rest_route=%2Fwp%2Fv2%2Fcomments&post=266235"}],"version-history":[{"count":2,"href":"https:\/\/elluchador.info\/index.php?rest_route=\/wp\/v2\/posts\/266235\/revisions"}],"predecessor-version":[{"id":266238,"href":"https:\/\/elluchador.info\/index.php?rest_route=\/wp\/v2\/posts\/266235\/revisions\/266238"}],"wp:featuredmedia":[{"embeddable":true,"href":"https:\/\/elluchador.info\/index.php?rest_route=\/wp\/v2\/media\/266236"}],"wp:attachment":[{"href":"https:\/\/elluchador.info\/index.php?rest_route=%2Fwp%2Fv2%2Fmedia&parent=266235"}],"wp:term":[{"taxonomy":"category","embeddable":true,"href":"https:\/\/elluchador.info\/index.php?rest_route=%2Fwp%2Fv2%2Fcategories&post=266235"},{"taxonomy":"post_tag","embeddable":true,"href":"https:\/\/elluchador.info\/index.php?rest_route=%2Fwp%2Fv2%2Ftags&post=266235"}],"curies":[{"name":"wp","href":"https:\/\/api.w.org\/{rel}","templated":true}]}}