{"id":266239,"date":"2025-02-05T12:33:10","date_gmt":"2025-02-05T16:33:10","guid":{"rendered":"https:\/\/elluchador.info\/?p=266239"},"modified":"2025-02-05T12:33:14","modified_gmt":"2025-02-05T16:33:14","slug":"venezuela-y-musiad-fortalecen-lazos-de-cooperacion-turistica","status":"publish","type":"post","link":"https:\/\/elluchador.info\/?p=266239","title":{"rendered":"Venezuela y MUSIAD fortalecen lazos de cooperaci\u00f3n tur\u00edstica"},"content":{"rendered":"\n<p>Este martes, la ministra del Poder Popular para el Turismo, Leticia G\u00f3mez, sostuvo un grato encuentro con <em>Hayri K\u00fc\u00e7\u00fckyavuz, presidente de MUSIAD<\/em> y el directivo de la citada empresa, Selim Sar, con el fin de fortalecer lazos empresariales, econ\u00f3micos y tur\u00edsticos.<\/p>\n\n\n\n<p>Cabe recordar que Venezuela en el mes de noviembre particip\u00f3 en la <em><strong>Expo Musiad 2024<\/strong><\/em> que se realiz\u00f3 en T\u00fcrkiye con 20 empresas nacionales que demostraron productos con calidad de exportaci\u00f3n. Un encuentro que reuni\u00f3 a importantes empresarios e inversionistas del mundo para impulsar la cooperaci\u00f3n global, redes comerciales y conexi\u00f3n de mercados.<\/p>\n\n\n\n<p>En ese momento, la presidenta de la Agencia de Promoci\u00f3n de Exportaciones de Venezuela y del Instituto Marca Pa\u00eds, Daniella Cabello, expres\u00f3 que Venezuela y Turqu\u00eda para el 2025 tendr\u00e1n dos grandes ferias, una para mostrar la calidad de los productos venezolanos a todo el mercado turco y otra para mostrar la calidad de los productos turcos en el mercado venezolano\u00bb.<\/p>\n\n\n\n<p>\u00abEsta relaci\u00f3n sigue en crecimiento, avanzando juntos, porque Venezuela es un pa\u00eds maravilloso y todo lo hecho en Venezuela es mejor\u00bb. La MUSIAD es una Asociaci\u00f3n de Industrias y Empresarios Independientes, sin fines de lucro, que tiene como principal objetivo e inter\u00e9s servir en las relaciones comerciales y socioculturales entre Venezuela, Turqu\u00eda y el mundo.<\/p>\n\n\n\n<p>Con informaci\u00f3n <strong><em><mark style=\"background-color:rgba(0, 0, 0, 0)\" class=\"has-inline-color has-vivid-green-cyan-color\">Mintur<\/mark><\/em><\/strong><\/p>\n","protected":false},"excerpt":{"rendered":"<p>Este martes, la ministra del Poder Popular para el Turismo, Leticia G\u00f3mez, sostuvo un grato encuentro con Hayri K\u00fc\u00e7\u00fckyavuz, presidente de MUSIAD y el directivo de la citada empresa, Selim Sar, con el fin de fortalecer lazos empresariales, econ\u00f3micos y tur\u00edsticos. Cabe recordar que Venezuela en el mes de noviembre particip\u00f3 en la Expo Musiad [&hellip;]<\/p>\n","protected":false},"author":33,"featured_media":266240,"comment_status":"open","ping_status":"open","sticky":false,"template":"","format":"standard","meta":{"footnotes":""},"categories":[6],"tags":[638,923,105],"class_list":{"0":"post-266239","1":"post","2":"type-post","3":"status-publish","4":"format-standard","5":"has-post-thumbnail","7":"category-economia","8":"tag-turismo","9":"tag-turquia","10":"tag-venezuela"},"_links":{"self":[{"href":"https:\/\/elluchador.info\/index.php?rest_route=\/wp\/v2\/posts\/266239","targetHints":{"allow":["GET"]}}],"collection":[{"href":"https:\/\/elluchador.info\/index.php?rest_route=\/wp\/v2\/posts"}],"about":[{"href":"https:\/\/elluchador.info\/index.php?rest_route=\/wp\/v2\/types\/post"}],"author":[{"embeddable":true,"href":"https:\/\/elluchador.info\/index.php?rest_route=\/wp\/v2\/users\/33"}],"replies":[{"embeddable":true,"href":"https:\/\/elluchador.info\/index.php?rest_route=%2Fwp%2Fv2%2Fcomments&post=266239"}],"version-history":[{"count":1,"href":"https:\/\/elluchador.info\/index.php?rest_route=\/wp\/v2\/posts\/266239\/revisions"}],"predecessor-version":[{"id":266241,"href":"https:\/\/elluchador.info\/index.php?rest_route=\/wp\/v2\/posts\/266239\/revisions\/266241"}],"wp:featuredmedia":[{"embeddable":true,"href":"https:\/\/elluchador.info\/index.php?rest_route=\/wp\/v2\/media\/266240"}],"wp:attachment":[{"href":"https:\/\/elluchador.info\/index.php?rest_route=%2Fwp%2Fv2%2Fmedia&parent=266239"}],"wp:term":[{"taxonomy":"category","embeddable":true,"href":"https:\/\/elluchador.info\/index.php?rest_route=%2Fwp%2Fv2%2Fcategories&post=266239"},{"taxonomy":"post_tag","embeddable":true,"href":"https:\/\/elluchador.info\/index.php?rest_route=%2Fwp%2Fv2%2Ftags&post=266239"}],"curies":[{"name":"wp","href":"https:\/\/api.w.org\/{rel}","templated":true}]}}